{"id":3512,"date":"2024-11-19T14:26:47","date_gmt":"2024-11-19T14:26:47","guid":{"rendered":"https:\/\/www.natae-agroecology.eu\/?p=3512"},"modified":"2025-10-22T09:35:57","modified_gmt":"2025-10-22T09:35:57","slug":"webinaire-quelles-perspectives-pour-soutenir-le-deploiement-de-lagroecologie-dans-les-politiques-publiques-en-afrique-du-nord","status":"publish","type":"post","link":"https:\/\/www.natae-agroecology.eu\/fr\/webinar-what-are-the-prospects-for-supporting-the-deployment-of-agroecology-in-public-policies-in-north-africa\/","title":{"rendered":"Webinare Medae: Quelles sont les perspectives de soutien au d\u00e9ploiement de l\u2019agro\u00e9cologie dans les politiques publiques en Afrique du Nord?"},"content":{"rendered":"<p><a href=\"https:\/\/www.medae-agroecology.eu\/\" target=\"_blank\" rel=\"noreferrer noopener\">MEDAE <\/a>mettra en place un webinaire qui pr\u00e9sentera les r\u00e9sultats d\u2019une analyse transversale des politiques publiques en Afrique du Nord ainsi qu\u2019un examen de la place de l\u2019agro\u00e9cologie dans les conventions internationales, et \u00e9tudiera dans quelles mesures ces politiques offrent un cadre favorable ou d\u00e9favorable \u00e0 la transition agro\u00e9cologique. Un temps de discussion permettra d\u2019\u00e9changer autour des perspectives d\u2019appui \u00e0 l\u2019agro\u00e9cologie et des moyens pour favoriser la transition agro\u00e9cologique en Afrique du Nord.<\/p>\n\n\n\n<p><strong><u>Programme (CET)<\/u><\/strong><\/p>\n\n\n\n<p>-\u00a0 <strong>14:00 - Accueil<\/strong><br>-\u00a0 <strong>14:05 - Pr\u00e9sentation du r\u00e9seau MEDAE (MEDiterranean multiactor network on AgroEcology).<\/strong><br><em>Marion Comptour, Coordinatrice du r\u00e9seau MEDAE - Association CARI<\/em><\/p>\n\n\n\n<p>- <strong>14:20 - Discussion<\/strong><br>- <strong>14:30 - L'agro\u00e9cologie dans les politiques publiques nationales des pays d'Afrique du Nord.<\/strong><br><em>Rita Jalkh, post-doctorante et chef de projet NATAE- CIHEAM IAMM\u00a0<\/em><\/p>\n\n\n\n<p><strong>- 15:00 - La place de l'agro\u00e9cologie dans les pratiques paysannes : le cas de l'Alg\u00e9rie.<\/strong><br><em>Adel Moulai, chercheur et coordinateur de projet - Association El-Argoub<\/em><\/p>\n\n\n\n<p><strong>- 15:20 - Les conventions internationales comme leviers possibles pour une meilleure int\u00e9gration de l'agro\u00e9cologie dans les politiques publiques nationales.<\/strong><br><em>Manon Albagnac, charg\u00e9e du suivi de la Convention des Nations Unies sur la lutte contre la d\u00e9sertification - Association CARI<\/em><\/p>\n\n\n\n<p><strong>- 15:35 - Discussion<\/strong><br><strong>- 16:00 - Fin du webinaire<\/strong><\/p>\n\n\n\n<div style=\"height:40px\" aria-hidden=\"true\" class=\"wp-block-spacer\"><\/div>\n\n\n\n<p>L'inscription est obligatoire, alors inscrivez-vous d\u00e8s maintenant <a href=\"https:\/\/us06web.zoom.us\/webinar\/register\/WN_Zy2ZcbVGTkuk7z-QZGV7jw#\/registration\" target=\"_blank\" rel=\"noreferrer noopener\">ici<\/a><\/p>\n\n\n\n<p>Plus d\u2019informations \u00e0 venir sur&nbsp; <a href=\"https:\/\/www.medae-agroecology.eu\/\">https:\/\/www.medae-agroecology.eu<\/a><\/p>\n\n\n\n<figure class=\"wp-block-gallery has-nested-images columns-default is-cropped wp-block-gallery-1 is-layout-flex wp-block-gallery-is-layout-flex\"><\/figure>\n\n\n\n<p><\/p>","protected":false},"excerpt":{"rendered":"<p>MEDAE will implement a webinar that will present the results of a cross-sectional analysis of public policies in North Africa, as well as an examination of the place of agroecology [&hellip;]<\/p>\n","protected":false},"author":1,"featured_media":3514,"comment_status":"open","ping_status":"open","sticky":false,"template":"","format":"standard","meta":{"_acf_changed":false,"inline_featured_image":false,"footnotes":""},"categories":[28],"tags":[],"class_list":["post-3512","post","type-post","status-publish","format-standard","has-post-thumbnail","hentry","category-news"],"acf":[],"yoast_head":"<!-- This site is optimized with the Yoast SEO plugin v26.8 - https:\/\/yoast.com\/product\/yoast-seo-wordpress\/ -->\n<title>Webinar Medae: What are the prospects for supporting the deployment of agroecology in public policies in North Africa? - Natae<\/title>\n<meta name=\"robots\" content=\"index, follow, max-snippet:-1, max-image-preview:large, max-video-preview:-1\" \/>\n<link rel=\"canonical\" href=\"https:\/\/www.natae-agroecology.eu\/fr\/webinaire-quelles-perspectives-pour-soutenir-le-deploiement-de-lagroecologie-dans-les-politiques-publiques-en-afrique-du-nord\/\" \/>\n<meta property=\"og:locale\" content=\"fr_FR\" \/>\n<meta property=\"og:type\" content=\"article\" \/>\n<meta property=\"og:title\" content=\"Webinar Medae: What are the prospects for supporting the deployment of agroecology in public policies in North Africa? - Natae\" \/>\n<meta property=\"og:description\" content=\"MEDAE will implement a webinar that will present the results of a cross-sectional analysis of public policies in North Africa, as well as an examination of the place of agroecology [&hellip;]\" \/>\n<meta property=\"og:url\" content=\"https:\/\/www.natae-agroecology.eu\/fr\/webinaire-quelles-perspectives-pour-soutenir-le-deploiement-de-lagroecologie-dans-les-politiques-publiques-en-afrique-du-nord\/\" \/>\n<meta property=\"og:site_name\" content=\"Natae\" \/>\n<meta property=\"article:publisher\" content=\"https:\/\/www.facebook.com\/people\/NATAE-Agroecology\/100091167530196\/\" \/>\n<meta property=\"article:published_time\" content=\"2024-11-19T14:26:47+00:00\" \/>\n<meta property=\"article:modified_time\" content=\"2025-10-22T09:35:57+00:00\" \/>\n<meta property=\"og:image\" content=\"https:\/\/www.natae-agroecology.eu\/wp-content\/uploads\/2024\/11\/2.png\" \/>\n\t<meta property=\"og:image:width\" content=\"1080\" \/>\n\t<meta property=\"og:image:height\" content=\"1080\" \/>\n\t<meta property=\"og:image:type\" content=\"image\/png\" \/>\n<meta name=\"author\" content=\"natae_admin\" \/>\n<meta name=\"twitter:card\" content=\"summary_large_image\" \/>\n<meta name=\"twitter:creator\" content=\"@natae_HE\" \/>\n<meta name=\"twitter:site\" content=\"@natae_HE\" \/>\n<meta name=\"twitter:label1\" content=\"\u00c9crit par\" \/>\n\t<meta name=\"twitter:data1\" content=\"natae_admin\" \/>\n\t<meta name=\"twitter:label2\" content=\"Dur\u00e9e de lecture estim\u00e9e\" \/>\n\t<meta name=\"twitter:data2\" content=\"2 minutes\" \/>\n<script type=\"application\/ld+json\" class=\"yoast-schema-graph\">{\"@context\":\"https:\/\/schema.org\",\"@graph\":[{\"@type\":\"Article\",\"@id\":\"https:\/\/www.natae-agroecology.eu\/webinar-what-are-the-prospects-for-supporting-the-deployment-of-agroecology-in-public-policies-in-north-africa\/#article\",\"isPartOf\":{\"@id\":\"https:\/\/www.natae-agroecology.eu\/webinar-what-are-the-prospects-for-supporting-the-deployment-of-agroecology-in-public-policies-in-north-africa\/\"},\"author\":{\"name\":\"natae_admin\",\"@id\":\"https:\/\/www.natae-agroecology.eu\/#\/schema\/person\/5f06c196f9f322e65a18521f8a456764\"},\"headline\":\"Webinar Medae: What are the prospects for supporting the deployment of agroecology in public policies in North Africa?\",\"datePublished\":\"2024-11-19T14:26:47+00:00\",\"dateModified\":\"2025-10-22T09:35:57+00:00\",\"mainEntityOfPage\":{\"@id\":\"https:\/\/www.natae-agroecology.eu\/webinar-what-are-the-prospects-for-supporting-the-deployment-of-agroecology-in-public-policies-in-north-africa\/\"},\"wordCount\":215,\"commentCount\":0,\"publisher\":{\"@id\":\"https:\/\/www.natae-agroecology.eu\/#organization\"},\"image\":{\"@id\":\"https:\/\/www.natae-agroecology.eu\/webinar-what-are-the-prospects-for-supporting-the-deployment-of-agroecology-in-public-policies-in-north-africa\/#primaryimage\"},\"thumbnailUrl\":\"https:\/\/www.natae-agroecology.eu\/wp-content\/uploads\/2024\/11\/2.png\",\"articleSection\":[\"News\"],\"inLanguage\":\"fr-FR\",\"potentialAction\":[{\"@type\":\"CommentAction\",\"name\":\"Comment\",\"target\":[\"https:\/\/www.natae-agroecology.eu\/webinar-what-are-the-prospects-for-supporting-the-deployment-of-agroecology-in-public-policies-in-north-africa\/#respond\"]}]},{\"@type\":\"WebPage\",\"@id\":\"https:\/\/www.natae-agroecology.eu\/webinar-what-are-the-prospects-for-supporting-the-deployment-of-agroecology-in-public-policies-in-north-africa\/\",\"url\":\"https:\/\/www.natae-agroecology.eu\/webinar-what-are-the-prospects-for-supporting-the-deployment-of-agroecology-in-public-policies-in-north-africa\/\",\"name\":\"Webinar Medae: What are the prospects for supporting the deployment of agroecology in public policies in North Africa? - Natae\",\"isPartOf\":{\"@id\":\"https:\/\/www.natae-agroecology.eu\/#website\"},\"primaryImageOfPage\":{\"@id\":\"https:\/\/www.natae-agroecology.eu\/webinar-what-are-the-prospects-for-supporting-the-deployment-of-agroecology-in-public-policies-in-north-africa\/#primaryimage\"},\"image\":{\"@id\":\"https:\/\/www.natae-agroecology.eu\/webinar-what-are-the-prospects-for-supporting-the-deployment-of-agroecology-in-public-policies-in-north-africa\/#primaryimage\"},\"thumbnailUrl\":\"https:\/\/www.natae-agroecology.eu\/wp-content\/uploads\/2024\/11\/2.png\",\"datePublished\":\"2024-11-19T14:26:47+00:00\",\"dateModified\":\"2025-10-22T09:35:57+00:00\",\"breadcrumb\":{\"@id\":\"https:\/\/www.natae-agroecology.eu\/webinar-what-are-the-prospects-for-supporting-the-deployment-of-agroecology-in-public-policies-in-north-africa\/#breadcrumb\"},\"inLanguage\":\"fr-FR\",\"potentialAction\":[{\"@type\":\"ReadAction\",\"target\":[\"https:\/\/www.natae-agroecology.eu\/webinar-what-are-the-prospects-for-supporting-the-deployment-of-agroecology-in-public-policies-in-north-africa\/\"]}]},{\"@type\":\"ImageObject\",\"inLanguage\":\"fr-FR\",\"@id\":\"https:\/\/www.natae-agroecology.eu\/webinar-what-are-the-prospects-for-supporting-the-deployment-of-agroecology-in-public-policies-in-north-africa\/#primaryimage\",\"url\":\"https:\/\/www.natae-agroecology.eu\/wp-content\/uploads\/2024\/11\/2.png\",\"contentUrl\":\"https:\/\/www.natae-agroecology.eu\/wp-content\/uploads\/2024\/11\/2.png\",\"width\":1080,\"height\":1080,\"caption\":\"Webinar\"},{\"@type\":\"BreadcrumbList\",\"@id\":\"https:\/\/www.natae-agroecology.eu\/webinar-what-are-the-prospects-for-supporting-the-deployment-of-agroecology-in-public-policies-in-north-africa\/#breadcrumb\",\"itemListElement\":[{\"@type\":\"ListItem\",\"position\":1,\"name\":\"Home\",\"item\":\"https:\/\/www.natae-agroecology.eu\/\"},{\"@type\":\"ListItem\",\"position\":2,\"name\":\"Webinar Medae: What are the prospects for supporting the deployment of agroecology in public policies in North Africa?\"}]},{\"@type\":\"WebSite\",\"@id\":\"https:\/\/www.natae-agroecology.eu\/#website\",\"url\":\"https:\/\/www.natae-agroecology.eu\/\",\"name\":\"NATAE\",\"description\":\"North African Transition to AgroEcology\",\"publisher\":{\"@id\":\"https:\/\/www.natae-agroecology.eu\/#organization\"},\"potentialAction\":[{\"@type\":\"SearchAction\",\"target\":{\"@type\":\"EntryPoint\",\"urlTemplate\":\"https:\/\/www.natae-agroecology.eu\/?s={search_term_string}\"},\"query-input\":{\"@type\":\"PropertyValueSpecification\",\"valueRequired\":true,\"valueName\":\"search_term_string\"}}],\"inLanguage\":\"fr-FR\"},{\"@type\":\"Organization\",\"@id\":\"https:\/\/www.natae-agroecology.eu\/#organization\",\"name\":\"NATAE\",\"url\":\"https:\/\/www.natae-agroecology.eu\/\",\"logo\":{\"@type\":\"ImageObject\",\"inLanguage\":\"fr-FR\",\"@id\":\"https:\/\/www.natae-agroecology.eu\/#\/schema\/logo\/image\/\",\"url\":\"https:\/\/www.natae-agroecology.eu\/wp-content\/uploads\/2023\/10\/logo-simple.png\",\"contentUrl\":\"https:\/\/www.natae-agroecology.eu\/wp-content\/uploads\/2023\/10\/logo-simple.png\",\"width\":1000,\"height\":544,\"caption\":\"NATAE\"},\"image\":{\"@id\":\"https:\/\/www.natae-agroecology.eu\/#\/schema\/logo\/image\/\"},\"sameAs\":[\"https:\/\/www.facebook.com\/people\/NATAE-Agroecology\/100091167530196\/\",\"https:\/\/x.com\/natae_HE\",\"https:\/\/www.linkedin.com\/company\/nataeagroecology\/\"]},{\"@type\":\"Person\",\"@id\":\"https:\/\/www.natae-agroecology.eu\/#\/schema\/person\/5f06c196f9f322e65a18521f8a456764\",\"name\":\"natae_admin\",\"image\":{\"@type\":\"ImageObject\",\"inLanguage\":\"fr-FR\",\"@id\":\"https:\/\/www.natae-agroecology.eu\/#\/schema\/person\/image\/\",\"url\":\"https:\/\/secure.gravatar.com\/avatar\/cbcfbb7ddb421271406bf5347525e82db73805351e7bebb667a24cac78469d6f?s=96&d=mm&r=g\",\"contentUrl\":\"https:\/\/secure.gravatar.com\/avatar\/cbcfbb7ddb421271406bf5347525e82db73805351e7bebb667a24cac78469d6f?s=96&d=mm&r=g\",\"caption\":\"natae_admin\"},\"sameAs\":[\"https:\/\/www.natae-agroecology.eu\"],\"url\":\"https:\/\/www.natae-agroecology.eu\/fr\/author\/natae_admin\/\"}]}<\/script>\n<!-- \/ Yoast SEO plugin. -->","yoast_head_json":{"title":"Webinar Medae : Quelles sont les perspectives pour soutenir le d\u00e9ploiement de l'agro\u00e9cologie dans les politiques publiques en Afrique du Nord ? - Natae","robots":{"index":"index","follow":"follow","max-snippet":"max-snippet:-1","max-image-preview":"max-image-preview:large","max-video-preview":"max-video-preview:-1"},"canonical":"https:\/\/www.natae-agroecology.eu\/fr\/webinaire-quelles-perspectives-pour-soutenir-le-deploiement-de-lagroecologie-dans-les-politiques-publiques-en-afrique-du-nord\/","og_locale":"fr_FR","og_type":"article","og_title":"Webinar Medae: What are the prospects for supporting the deployment of agroecology in public policies in North Africa? - Natae","og_description":"MEDAE will implement a webinar that will present the results of a cross-sectional analysis of public policies in North Africa, as well as an examination of the place of agroecology [&hellip;]","og_url":"https:\/\/www.natae-agroecology.eu\/fr\/webinaire-quelles-perspectives-pour-soutenir-le-deploiement-de-lagroecologie-dans-les-politiques-publiques-en-afrique-du-nord\/","og_site_name":"Natae","article_publisher":"https:\/\/www.facebook.com\/people\/NATAE-Agroecology\/100091167530196\/","article_published_time":"2024-11-19T14:26:47+00:00","article_modified_time":"2025-10-22T09:35:57+00:00","og_image":[{"width":1080,"height":1080,"url":"https:\/\/www.natae-agroecology.eu\/wp-content\/uploads\/2024\/11\/2.png","type":"image\/png"}],"author":"natae_admin","twitter_card":"summary_large_image","twitter_creator":"@natae_HE","twitter_site":"@natae_HE","twitter_misc":{"\u00c9crit par":"natae_admin","Dur\u00e9e de lecture estim\u00e9e":"2 minutes"},"schema":{"@context":"https:\/\/schema.org","@graph":[{"@type":"Article","@id":"https:\/\/www.natae-agroecology.eu\/webinar-what-are-the-prospects-for-supporting-the-deployment-of-agroecology-in-public-policies-in-north-africa\/#article","isPartOf":{"@id":"https:\/\/www.natae-agroecology.eu\/webinar-what-are-the-prospects-for-supporting-the-deployment-of-agroecology-in-public-policies-in-north-africa\/"},"author":{"name":"natae_admin","@id":"https:\/\/www.natae-agroecology.eu\/#\/schema\/person\/5f06c196f9f322e65a18521f8a456764"},"headline":"Webinar Medae: What are the prospects for supporting the deployment of agroecology in public policies in North Africa?","datePublished":"2024-11-19T14:26:47+00:00","dateModified":"2025-10-22T09:35:57+00:00","mainEntityOfPage":{"@id":"https:\/\/www.natae-agroecology.eu\/webinar-what-are-the-prospects-for-supporting-the-deployment-of-agroecology-in-public-policies-in-north-africa\/"},"wordCount":215,"commentCount":0,"publisher":{"@id":"https:\/\/www.natae-agroecology.eu\/#organization"},"image":{"@id":"https:\/\/www.natae-agroecology.eu\/webinar-what-are-the-prospects-for-supporting-the-deployment-of-agroecology-in-public-policies-in-north-africa\/#primaryimage"},"thumbnailUrl":"https:\/\/www.natae-agroecology.eu\/wp-content\/uploads\/2024\/11\/2.png","articleSection":["News"],"inLanguage":"fr-FR","potentialAction":[{"@type":"CommentAction","name":"Comment","target":["https:\/\/www.natae-agroecology.eu\/webinar-what-are-the-prospects-for-supporting-the-deployment-of-agroecology-in-public-policies-in-north-africa\/#respond"]}]},{"@type":"WebPage","@id":"https:\/\/www.natae-agroecology.eu\/webinar-what-are-the-prospects-for-supporting-the-deployment-of-agroecology-in-public-policies-in-north-africa\/","url":"https:\/\/www.natae-agroecology.eu\/webinar-what-are-the-prospects-for-supporting-the-deployment-of-agroecology-in-public-policies-in-north-africa\/","name":"Webinar Medae : Quelles sont les perspectives pour soutenir le d\u00e9ploiement de l'agro\u00e9cologie dans les politiques publiques en Afrique du Nord ? - Natae","isPartOf":{"@id":"https:\/\/www.natae-agroecology.eu\/#website"},"primaryImageOfPage":{"@id":"https:\/\/www.natae-agroecology.eu\/webinar-what-are-the-prospects-for-supporting-the-deployment-of-agroecology-in-public-policies-in-north-africa\/#primaryimage"},"image":{"@id":"https:\/\/www.natae-agroecology.eu\/webinar-what-are-the-prospects-for-supporting-the-deployment-of-agroecology-in-public-policies-in-north-africa\/#primaryimage"},"thumbnailUrl":"https:\/\/www.natae-agroecology.eu\/wp-content\/uploads\/2024\/11\/2.png","datePublished":"2024-11-19T14:26:47+00:00","dateModified":"2025-10-22T09:35:57+00:00","breadcrumb":{"@id":"https:\/\/www.natae-agroecology.eu\/webinar-what-are-the-prospects-for-supporting-the-deployment-of-agroecology-in-public-policies-in-north-africa\/#breadcrumb"},"inLanguage":"fr-FR","potentialAction":[{"@type":"ReadAction","target":["https:\/\/www.natae-agroecology.eu\/webinar-what-are-the-prospects-for-supporting-the-deployment-of-agroecology-in-public-policies-in-north-africa\/"]}]},{"@type":"ImageObject","inLanguage":"fr-FR","@id":"https:\/\/www.natae-agroecology.eu\/webinar-what-are-the-prospects-for-supporting-the-deployment-of-agroecology-in-public-policies-in-north-africa\/#primaryimage","url":"https:\/\/www.natae-agroecology.eu\/wp-content\/uploads\/2024\/11\/2.png","contentUrl":"https:\/\/www.natae-agroecology.eu\/wp-content\/uploads\/2024\/11\/2.png","width":1080,"height":1080,"caption":"Webinar"},{"@type":"BreadcrumbList","@id":"https:\/\/www.natae-agroecology.eu\/webinar-what-are-the-prospects-for-supporting-the-deployment-of-agroecology-in-public-policies-in-north-africa\/#breadcrumb","itemListElement":[{"@type":"ListItem","position":1,"name":"Home","item":"https:\/\/www.natae-agroecology.eu\/"},{"@type":"ListItem","position":2,"name":"Webinar Medae: What are the prospects for supporting the deployment of agroecology in public policies in North Africa?"}]},{"@type":"WebSite","@id":"https:\/\/www.natae-agroecology.eu\/#website","url":"https:\/\/www.natae-agroecology.eu\/","name":"NATAE","description":"Transition de l'Afrique du Nord vers l'agro\u00e9cologie","publisher":{"@id":"https:\/\/www.natae-agroecology.eu\/#organization"},"potentialAction":[{"@type":"SearchAction","target":{"@type":"EntryPoint","urlTemplate":"https:\/\/www.natae-agroecology.eu\/?s={search_term_string}"},"query-input":{"@type":"PropertyValueSpecification","valueRequired":true,"valueName":"search_term_string"}}],"inLanguage":"fr-FR"},{"@type":"Organization","@id":"https:\/\/www.natae-agroecology.eu\/#organization","name":"NATAE","url":"https:\/\/www.natae-agroecology.eu\/","logo":{"@type":"ImageObject","inLanguage":"fr-FR","@id":"https:\/\/www.natae-agroecology.eu\/#\/schema\/logo\/image\/","url":"https:\/\/www.natae-agroecology.eu\/wp-content\/uploads\/2023\/10\/logo-simple.png","contentUrl":"https:\/\/www.natae-agroecology.eu\/wp-content\/uploads\/2023\/10\/logo-simple.png","width":1000,"height":544,"caption":"NATAE"},"image":{"@id":"https:\/\/www.natae-agroecology.eu\/#\/schema\/logo\/image\/"},"sameAs":["https:\/\/www.facebook.com\/people\/NATAE-Agroecology\/100091167530196\/","https:\/\/x.com\/natae_HE","https:\/\/www.linkedin.com\/company\/nataeagroecology\/"]},{"@type":"Person","@id":"https:\/\/www.natae-agroecology.eu\/#\/schema\/person\/5f06c196f9f322e65a18521f8a456764","name":"natae_admin","image":{"@type":"ImageObject","inLanguage":"fr-FR","@id":"https:\/\/www.natae-agroecology.eu\/#\/schema\/person\/image\/","url":"https:\/\/secure.gravatar.com\/avatar\/cbcfbb7ddb421271406bf5347525e82db73805351e7bebb667a24cac78469d6f?s=96&d=mm&r=g","contentUrl":"https:\/\/secure.gravatar.com\/avatar\/cbcfbb7ddb421271406bf5347525e82db73805351e7bebb667a24cac78469d6f?s=96&d=mm&r=g","caption":"natae_admin"},"sameAs":["https:\/\/www.natae-agroecology.eu"],"url":"https:\/\/www.natae-agroecology.eu\/fr\/author\/natae_admin\/"}]}},"_links":{"self":[{"href":"https:\/\/www.natae-agroecology.eu\/fr\/wp-json\/wp\/v2\/posts\/3512","targetHints":{"allow":["GET"]}}],"collection":[{"href":"https:\/\/www.natae-agroecology.eu\/fr\/wp-json\/wp\/v2\/posts"}],"about":[{"href":"https:\/\/www.natae-agroecology.eu\/fr\/wp-json\/wp\/v2\/types\/post"}],"author":[{"embeddable":true,"href":"https:\/\/www.natae-agroecology.eu\/fr\/wp-json\/wp\/v2\/users\/1"}],"replies":[{"embeddable":true,"href":"https:\/\/www.natae-agroecology.eu\/fr\/wp-json\/wp\/v2\/comments?post=3512"}],"version-history":[{"count":10,"href":"https:\/\/www.natae-agroecology.eu\/fr\/wp-json\/wp\/v2\/posts\/3512\/revisions"}],"predecessor-version":[{"id":6802,"href":"https:\/\/www.natae-agroecology.eu\/fr\/wp-json\/wp\/v2\/posts\/3512\/revisions\/6802"}],"wp:featuredmedia":[{"embeddable":true,"href":"https:\/\/www.natae-agroecology.eu\/fr\/wp-json\/wp\/v2\/media\/3514"}],"wp:attachment":[{"href":"https:\/\/www.natae-agroecology.eu\/fr\/wp-json\/wp\/v2\/media?parent=3512"}],"wp:term":[{"taxonomy":"category","embeddable":true,"href":"https:\/\/www.natae-agroecology.eu\/fr\/wp-json\/wp\/v2\/categories?post=3512"},{"taxonomy":"post_tag","embeddable":true,"href":"https:\/\/www.natae-agroecology.eu\/fr\/wp-json\/wp\/v2\/tags?post=3512"}],"curies":[{"name":"wp","href":"https:\/\/api.w.org\/{rel}","templated":true}]}}