{"id":7422,"date":"2026-04-27T14:27:28","date_gmt":"2026-04-27T14:27:28","guid":{"rendered":"https:\/\/www.natae-agroecology.eu\/?p=7422"},"modified":"2026-04-27T14:55:52","modified_gmt":"2026-04-27T14:55:52","slug":"sessions-de-formation-au-maroc-living-labs-2","status":"publish","type":"post","link":"https:\/\/www.natae-agroecology.eu\/fr\/training-sessions-in-morocco-living-labs-2\/","title":{"rendered":"SESSIONS DE FORMATION AU MAROC LIVING LABS"},"content":{"rendered":"<div data-elementor-type=\"wp-post\" data-elementor-id=\"7422\" class=\"elementor elementor-7422\">\n\t\t\t\t<div class=\"elementor-element elementor-element-89a75ca e-flex e-con-boxed e-con e-parent\" data-id=\"89a75ca\" data-element_type=\"container\" data-settings=\"{&quot;jet_parallax_layout_list&quot;:[]}\">\n\t\t\t\t\t<div class=\"e-con-inner\">\n\t\t<div class=\"elementor-element elementor-element-aaa27b3 e-con-full e-flex e-con e-child\" data-id=\"aaa27b3\" data-element_type=\"container\" data-settings=\"{&quot;jet_parallax_layout_list&quot;:[]}\">\n\t\t\t\t<div class=\"elementor-element elementor-element-59c4f52 elementor-widget elementor-widget-image\" data-id=\"59c4f52\" data-element_type=\"widget\" data-widget_type=\"image.default\">\n\t\t\t\t<div class=\"elementor-widget-container\">\n\t\t\t\t\t\t\t\t\t\t\t\t\t\t\t<img fetchpriority=\"high\" decoding=\"async\" width=\"657\" height=\"435\" src=\"https:\/\/www.natae-agroecology.eu\/wp-content\/uploads\/2024\/09\/RIAM-Logo.jpg\" class=\"attachment-full size-full wp-image-3285\" alt=\"Logo RIAM\" srcset=\"https:\/\/www.natae-agroecology.eu\/wp-content\/uploads\/2024\/09\/RIAM-Logo.jpg 657w, https:\/\/www.natae-agroecology.eu\/wp-content\/uploads\/2024\/09\/RIAM-Logo-300x199.jpg 300w, https:\/\/www.natae-agroecology.eu\/wp-content\/uploads\/2024\/09\/RIAM-Logo-18x12.jpg 18w\" sizes=\"(max-width: 657px) 100vw, 657px\" \/>\t\t\t\t\t\t\t\t\t\t\t\t\t\t\t<\/div>\n\t\t\t\t<\/div>\n\t\t\t\t<\/div>\n\t\t<div class=\"elementor-element elementor-element-700902c e-con-full e-flex e-con e-child\" data-id=\"700902c\" data-element_type=\"container\" data-settings=\"{&quot;jet_parallax_layout_list&quot;:[]}\">\n\t\t\t\t<div class=\"elementor-element elementor-element-92748d7 elementor-widget elementor-widget-image\" data-id=\"92748d7\" data-element_type=\"widget\" data-widget_type=\"image.default\">\n\t\t\t\t<div class=\"elementor-widget-container\">\n\t\t\t\t\t\t\t\t\t\t\t\t\t\t\t<img decoding=\"async\" width=\"1024\" height=\"513\" src=\"https:\/\/www.natae-agroecology.eu\/wp-content\/uploads\/2023\/02\/LOGO-ENA-1024x513.jpg\" class=\"attachment-large size-large wp-image-595\" alt=\"LOGO ENA\" srcset=\"https:\/\/www.natae-agroecology.eu\/wp-content\/uploads\/2023\/02\/LOGO-ENA-1024x513.jpg 1024w, https:\/\/www.natae-agroecology.eu\/wp-content\/uploads\/2023\/02\/LOGO-ENA-300x150.jpg 300w, https:\/\/www.natae-agroecology.eu\/wp-content\/uploads\/2023\/02\/LOGO-ENA-768x384.jpg 768w, https:\/\/www.natae-agroecology.eu\/wp-content\/uploads\/2023\/02\/LOGO-ENA-1536x769.jpg 1536w, https:\/\/www.natae-agroecology.eu\/wp-content\/uploads\/2023\/02\/LOGO-ENA.jpg 1992w\" sizes=\"(max-width: 1024px) 100vw, 1024px\" \/>\t\t\t\t\t\t\t\t\t\t\t\t\t\t\t<\/div>\n\t\t\t\t<\/div>\n\t\t\t\t<\/div>\n\t\t<div class=\"elementor-element elementor-element-0fda41a e-con-full e-flex e-con e-child\" data-id=\"0fda41a\" data-element_type=\"container\" data-settings=\"{&quot;jet_parallax_layout_list&quot;:[]}\">\n\t\t\t\t<div class=\"elementor-element elementor-element-73b4728 elementor-widget elementor-widget-image\" data-id=\"73b4728\" data-element_type=\"widget\" data-widget_type=\"image.default\">\n\t\t\t\t<div class=\"elementor-widget-container\">\n\t\t\t\t\t\t\t\t\t\t\t\t\t\t\t<img decoding=\"async\" width=\"1024\" height=\"470\" src=\"https:\/\/www.natae-agroecology.eu\/wp-content\/uploads\/2020\/02\/Natae-revision-3-02.svg\" class=\"attachment-large size-large wp-image-785\" alt=\"Logo Natae\" \/>\t\t\t\t\t\t\t\t\t\t\t\t\t\t\t<\/div>\n\t\t\t\t<\/div>\n\t\t\t\t<\/div>\n\t\t\t\t\t<\/div>\n\t\t\t\t<\/div>\n\t\t<div class=\"elementor-element elementor-element-6881cf7 e-flex e-con-boxed e-con e-parent\" data-id=\"6881cf7\" data-element_type=\"container\" data-settings=\"{&quot;jet_parallax_layout_list&quot;:[]}\">\n\t\t\t\t\t<div class=\"e-con-inner\">\n\t\t\t\t<div class=\"elementor-element elementor-element-ad861fe elementor-widget elementor-widget-heading\" data-id=\"ad861fe\" data-element_type=\"widget\" data-widget_type=\"heading.default\">\n\t\t\t\t<div class=\"elementor-widget-container\">\n\t\t\t\t\t<h3 class=\"elementor-heading-title elementor-size-default\">9, 10 et 11 avril 2026 | MOROCCO LIVING LABS<\/h3>\t\t\t\t<\/div>\n\t\t\t\t<\/div>\n\t\t\t\t\t<\/div>\n\t\t\t\t<\/div>\n\t\t<div class=\"elementor-element elementor-element-3b3a0ab7 e-flex e-con-boxed e-con e-parent\" data-id=\"3b3a0ab7\" data-element_type=\"container\" data-settings=\"{&quot;jet_parallax_layout_list&quot;:[]}\">\n\t\t\t\t\t<div class=\"e-con-inner\">\n\t\t\t\t<div class=\"elementor-element elementor-element-8516d7 elementor-widget elementor-widget-text-editor\" data-id=\"8516d7\" data-element_type=\"widget\" data-widget_type=\"text-editor.default\">\n\t\t\t\t<div class=\"elementor-widget-container\">\n\t\t\t\t\t\t\t\t\t<p>Dans le cadre du projet NATAE (North African Transition to AgroEcology), un programme de formation de trois jours a \u00e9t\u00e9 organis\u00e9 pour renforcer les capacit\u00e9s techniques et pratiques des agriculteurs des Living Labs d'Ait Othmane et de Skoura M'Daz.<\/p><p>Coordonn\u00e9e par l'Ecole Nationale d'Agriculture de Mekn\u00e8s (ENA) en collaboration avec le R\u00e9seau d'Initiatives Agro-Ecologiques au Maroc (RIAM), cette formation visait \u00e0 soutenir la transition vers des syst\u00e8mes agricoles durables et r\u00e9silients bas\u00e9s sur les principes de l'agro\u00e9cologie.<\/p><p>Le programme a \u00e9t\u00e9 con\u00e7u comme un parcours d'apprentissage progressif, combinant des bases th\u00e9oriques et des applications pratiques sur le terrain adapt\u00e9es au contexte local.<\/p>\t\t\t\t\t\t\t\t<\/div>\n\t\t\t\t<\/div>\n\t\t\t\t<div class=\"elementor-element elementor-element-c176d7e elementor-widget elementor-widget-text-editor\" data-id=\"c176d7e\" data-element_type=\"widget\" data-widget_type=\"text-editor.default\">\n\t\t\t\t<div class=\"elementor-widget-container\">\n\t\t\t\t\t\t\t\t\t<p><strong>Le programme de formation a couvert trois domaines th\u00e9matiques principaux :<\/strong><\/p><ul><li><strong>Jour 1 : Les fondements de l'agro\u00e9cologie<\/strong><\/li><\/ul><p>Les participants ont \u00e9t\u00e9 initi\u00e9s aux concepts cl\u00e9s de l'agro\u00e9cologie, notamment la d\u00e9gradation des sols, la perte de biodiversit\u00e9 et les d\u00e9fis de l'agriculture durable. Un diagnostic participatif a permis d'identifier les contraintes et les opportunit\u00e9s locales.<\/p><p><img loading=\"lazy\" decoding=\"async\" class=\"size-full wp-image-7424 alignleft\" src=\"https:\/\/www.natae-agroecology.eu\/wp-content\/uploads\/2026\/04\/day_1_training-sessions.webp\" alt=\"\" width=\"1199\" height=\"896\" srcset=\"https:\/\/www.natae-agroecology.eu\/wp-content\/uploads\/2026\/04\/day_1_training-sessions.webp 1199w, https:\/\/www.natae-agroecology.eu\/wp-content\/uploads\/2026\/04\/day_1_training-sessions-300x224.webp 300w, https:\/\/www.natae-agroecology.eu\/wp-content\/uploads\/2026\/04\/day_1_training-sessions-1024x765.webp 1024w, https:\/\/www.natae-agroecology.eu\/wp-content\/uploads\/2026\/04\/day_1_training-sessions-768x574.webp 768w, https:\/\/www.natae-agroecology.eu\/wp-content\/uploads\/2026\/04\/day_1_training-sessions-16x12.webp 16w\" sizes=\"(max-width: 1199px) 100vw, 1199px\" \/><\/p>\t\t\t\t\t\t\t\t<\/div>\n\t\t\t\t<\/div>\n\t\t\t\t<div class=\"elementor-element elementor-element-17fc14e elementor-widget elementor-widget-text-editor\" data-id=\"17fc14e\" data-element_type=\"widget\" data-widget_type=\"text-editor.default\">\n\t\t\t\t<div class=\"elementor-widget-container\">\n\t\t\t\t\t\t\t\t\t<ul><li><strong>Jour 2 : Gestion des sols et de l'eau<\/strong><\/li><\/ul><p>Cette session s'est concentr\u00e9e sur l'am\u00e9lioration de la fertilit\u00e9 et de la sant\u00e9 des sols gr\u00e2ce \u00e0 la gestion des mati\u00e8res organiques et \u00e0 des pratiques r\u00e9g\u00e9n\u00e9ratrices telles que le compostage, le paillage, la rotation des cultures et les cultures de couverture. Des ateliers pratiques ont \u00e9galement abord\u00e9 les techniques d'irrigation efficaces et les strat\u00e9gies de conservation de l'eau.<\/p><p><img loading=\"lazy\" decoding=\"async\" class=\"alignnone size-full wp-image-7425 alignleft\" src=\"https:\/\/www.natae-agroecology.eu\/wp-content\/uploads\/2026\/04\/Day-2_training.webp\" alt=\"\" width=\"1196\" height=\"896\" srcset=\"https:\/\/www.natae-agroecology.eu\/wp-content\/uploads\/2026\/04\/Day-2_training.webp 1196w, https:\/\/www.natae-agroecology.eu\/wp-content\/uploads\/2026\/04\/Day-2_training-300x225.webp 300w, https:\/\/www.natae-agroecology.eu\/wp-content\/uploads\/2026\/04\/Day-2_training-1024x767.webp 1024w, https:\/\/www.natae-agroecology.eu\/wp-content\/uploads\/2026\/04\/Day-2_training-768x575.webp 768w, https:\/\/www.natae-agroecology.eu\/wp-content\/uploads\/2026\/04\/Day-2_training-16x12.webp 16w\" sizes=\"(max-width: 1196px) 100vw, 1196px\" \/><\/p>\t\t\t\t\t\t\t\t<\/div>\n\t\t\t\t<\/div>\n\t\t\t\t<div class=\"elementor-element elementor-element-9e04497 elementor-widget elementor-widget-text-editor\" data-id=\"9e04497\" data-element_type=\"widget\" data-widget_type=\"text-editor.default\">\n\t\t\t\t<div class=\"elementor-widget-container\">\n\t\t\t\t\t\t\t\t\t<ul><li><strong>Jour 3 : Biodiversit\u00e9 agricole et protection des cultures<\/strong><\/li><\/ul><p>Les agriculteurs ont explor\u00e9 des strat\u00e9gies de diversification des cultures, notamment des associations de cultures et des syst\u00e8mes agroforestiers, ainsi que des m\u00e9thodes de lutte \u00e9cologique contre les ravageurs fond\u00e9es sur l'\u00e9quilibre naturel et l'utilisation de plantes r\u00e9pulsives et attrayantes.<\/p><p><img loading=\"lazy\" decoding=\"async\" class=\"alignnone size-full wp-image-7426 alignleft\" src=\"https:\/\/www.natae-agroecology.eu\/wp-content\/uploads\/2026\/04\/day_3_training.webp\" alt=\"\" width=\"1376\" height=\"710\" srcset=\"https:\/\/www.natae-agroecology.eu\/wp-content\/uploads\/2026\/04\/day_3_training.webp 1376w, https:\/\/www.natae-agroecology.eu\/wp-content\/uploads\/2026\/04\/day_3_training-300x155.webp 300w, https:\/\/www.natae-agroecology.eu\/wp-content\/uploads\/2026\/04\/day_3_training-1024x528.webp 1024w, https:\/\/www.natae-agroecology.eu\/wp-content\/uploads\/2026\/04\/day_3_training-768x396.webp 768w, https:\/\/www.natae-agroecology.eu\/wp-content\/uploads\/2026\/04\/day_3_training-18x9.webp 18w\" sizes=\"(max-width: 1376px) 100vw, 1376px\" \/><\/p>\t\t\t\t\t\t\t\t<\/div>\n\t\t\t\t<\/div>\n\t\t\t\t<div class=\"elementor-element elementor-element-5b937ac elementor-widget-divider--view-line elementor-widget elementor-widget-divider\" data-id=\"5b937ac\" data-element_type=\"widget\" data-widget_type=\"divider.default\">\n\t\t\t\t<div class=\"elementor-widget-container\">\n\t\t\t\t\t\t\t<div class=\"elementor-divider\">\n\t\t\t<span class=\"elementor-divider-separator\">\n\t\t\t\t\t\t<\/span>\n\t\t<\/div>\n\t\t\t\t\t\t<\/div>\n\t\t\t\t<\/div>\n\t\t\t\t<div class=\"elementor-element elementor-element-e15a609 elementor-widget elementor-widget-text-editor\" data-id=\"e15a609\" data-element_type=\"widget\" data-widget_type=\"text-editor.default\">\n\t\t\t\t<div class=\"elementor-widget-container\">\n\t\t\t\t\t\t\t\t\t<p style=\"text-align: center;\"><strong>Impact et principaux r\u00e9sultats<\/strong><\/p><p><strong>Cette initiative de formation multi-acteurs a contribu\u00e9 \u00e0 :<\/strong><\/p><ul><li>Renforcer les comp\u00e9tences techniques des agriculteurs en mati\u00e8re d'agro\u00e9cologie<\/li><li>Promouvoir des pratiques durables de gestion des sols et de l'eau<\/li><li>Am\u00e9liorer l'int\u00e9gration de la biodiversit\u00e9 dans les syst\u00e8mes agricoles<\/li><li>Soutenir l'adoption de pratiques agricoles r\u00e9sistantes au climat<\/li><li>Encourager l'\u00e9change de connaissances et l'apprentissage collectif<\/li><\/ul><p style=\"text-align: center;\">\u00a0<\/p>\t\t\t\t\t\t\t\t<\/div>\n\t\t\t\t<\/div>\n\t\t\t\t\t<\/div>\n\t\t\t\t<\/div>\n\t\t<div class=\"elementor-element elementor-element-1af7e07 e-flex e-con-boxed e-con e-parent\" data-id=\"1af7e07\" data-element_type=\"container\" data-settings=\"{&quot;jet_parallax_layout_list&quot;:[]}\">\n\t\t\t\t\t<div class=\"e-con-inner\">\n\t\t\t\t\t<\/div>\n\t\t\t\t<\/div>\n\t\t\t\t<\/div>","protected":false},"excerpt":{"rendered":"<p>April 9th, 10th and 11th, 2026 | MOROCCO LIVING LABS Within the framework of the NATAE (North African Transition to AgroEcology) project, a three-day training program was organized to strengthen [&hellip;]<\/p>\n","protected":false},"author":1,"featured_media":7435,"comment_status":"open","ping_status":"open","sticky":false,"template":"","format":"standard","meta":{"_acf_changed":false,"inline_featured_image":false,"footnotes":""},"categories":[28],"tags":[],"class_list":["post-7422","post","type-post","status-publish","format-standard","has-post-thumbnail","hentry","category-news"],"acf":[],"yoast_head":"<!-- This site is optimized with the Yoast SEO plugin v26.8 - https:\/\/yoast.com\/product\/yoast-seo-wordpress\/ -->\n<title>TRAINING SESSIONS IN MOROCCO LIVING LABS - Natae<\/title>\n<meta name=\"robots\" content=\"index, follow, max-snippet:-1, max-image-preview:large, max-video-preview:-1\" \/>\n<link rel=\"canonical\" href=\"https:\/\/www.natae-agroecology.eu\/fr\/sessions-de-formation-au-maroc-living-labs-2\/\" \/>\n<meta property=\"og:locale\" content=\"fr_FR\" \/>\n<meta property=\"og:type\" content=\"article\" \/>\n<meta property=\"og:title\" content=\"TRAINING SESSIONS IN MOROCCO LIVING LABS - Natae\" \/>\n<meta property=\"og:description\" content=\"April 9th, 10th and 11th, 2026 | MOROCCO LIVING LABS Within the framework of the NATAE (North African Transition to AgroEcology) project, a three-day training program was organized to strengthen [&hellip;]\" \/>\n<meta property=\"og:url\" content=\"https:\/\/www.natae-agroecology.eu\/fr\/sessions-de-formation-au-maroc-living-labs-2\/\" \/>\n<meta property=\"og:site_name\" content=\"Natae\" \/>\n<meta property=\"article:publisher\" content=\"https:\/\/www.facebook.com\/people\/NATAE-Agroecology\/100091167530196\/\" \/>\n<meta property=\"article:published_time\" content=\"2026-04-27T14:27:28+00:00\" \/>\n<meta property=\"article:modified_time\" content=\"2026-04-27T14:55:52+00:00\" \/>\n<meta property=\"og:image\" content=\"https:\/\/www.natae-agroecology.eu\/wp-content\/uploads\/2026\/04\/cover_marroco_trainig.webp\" \/>\n\t<meta property=\"og:image:width\" content=\"762\" \/>\n\t<meta property=\"og:image:height\" content=\"544\" \/>\n\t<meta property=\"og:image:type\" content=\"image\/webp\" \/>\n<meta name=\"author\" content=\"natae_admin\" \/>\n<meta name=\"twitter:card\" content=\"summary_large_image\" \/>\n<meta name=\"twitter:creator\" content=\"@natae_HE\" \/>\n<meta name=\"twitter:site\" content=\"@natae_HE\" \/>\n<meta name=\"twitter:label1\" content=\"\u00c9crit par\" \/>\n\t<meta name=\"twitter:data1\" content=\"natae_admin\" \/>\n\t<meta name=\"twitter:label2\" content=\"Dur\u00e9e de lecture estim\u00e9e\" \/>\n\t<meta name=\"twitter:data2\" content=\"3 minutes\" \/>\n<script type=\"application\/ld+json\" class=\"yoast-schema-graph\">{\"@context\":\"https:\/\/schema.org\",\"@graph\":[{\"@type\":\"Article\",\"@id\":\"https:\/\/www.natae-agroecology.eu\/training-sessions-in-morocco-living-labs-2\/#article\",\"isPartOf\":{\"@id\":\"https:\/\/www.natae-agroecology.eu\/training-sessions-in-morocco-living-labs-2\/\"},\"author\":{\"name\":\"natae_admin\",\"@id\":\"https:\/\/www.natae-agroecology.eu\/#\/schema\/person\/5f06c196f9f322e65a18521f8a456764\"},\"headline\":\"TRAINING SESSIONS IN MOROCCO LIVING LABS\",\"datePublished\":\"2026-04-27T14:27:28+00:00\",\"dateModified\":\"2026-04-27T14:55:52+00:00\",\"mainEntityOfPage\":{\"@id\":\"https:\/\/www.natae-agroecology.eu\/training-sessions-in-morocco-living-labs-2\/\"},\"wordCount\":269,\"commentCount\":0,\"publisher\":{\"@id\":\"https:\/\/www.natae-agroecology.eu\/#organization\"},\"image\":{\"@id\":\"https:\/\/www.natae-agroecology.eu\/training-sessions-in-morocco-living-labs-2\/#primaryimage\"},\"thumbnailUrl\":\"https:\/\/www.natae-agroecology.eu\/wp-content\/uploads\/2026\/04\/cover_marroco_trainig.webp\",\"articleSection\":[\"News\"],\"inLanguage\":\"fr-FR\",\"potentialAction\":[{\"@type\":\"CommentAction\",\"name\":\"Comment\",\"target\":[\"https:\/\/www.natae-agroecology.eu\/training-sessions-in-morocco-living-labs-2\/#respond\"]}]},{\"@type\":\"WebPage\",\"@id\":\"https:\/\/www.natae-agroecology.eu\/training-sessions-in-morocco-living-labs-2\/\",\"url\":\"https:\/\/www.natae-agroecology.eu\/training-sessions-in-morocco-living-labs-2\/\",\"name\":\"TRAINING SESSIONS IN MOROCCO LIVING LABS - Natae\",\"isPartOf\":{\"@id\":\"https:\/\/www.natae-agroecology.eu\/#website\"},\"primaryImageOfPage\":{\"@id\":\"https:\/\/www.natae-agroecology.eu\/training-sessions-in-morocco-living-labs-2\/#primaryimage\"},\"image\":{\"@id\":\"https:\/\/www.natae-agroecology.eu\/training-sessions-in-morocco-living-labs-2\/#primaryimage\"},\"thumbnailUrl\":\"https:\/\/www.natae-agroecology.eu\/wp-content\/uploads\/2026\/04\/cover_marroco_trainig.webp\",\"datePublished\":\"2026-04-27T14:27:28+00:00\",\"dateModified\":\"2026-04-27T14:55:52+00:00\",\"breadcrumb\":{\"@id\":\"https:\/\/www.natae-agroecology.eu\/training-sessions-in-morocco-living-labs-2\/#breadcrumb\"},\"inLanguage\":\"fr-FR\",\"potentialAction\":[{\"@type\":\"ReadAction\",\"target\":[\"https:\/\/www.natae-agroecology.eu\/training-sessions-in-morocco-living-labs-2\/\"]}]},{\"@type\":\"ImageObject\",\"inLanguage\":\"fr-FR\",\"@id\":\"https:\/\/www.natae-agroecology.eu\/training-sessions-in-morocco-living-labs-2\/#primaryimage\",\"url\":\"https:\/\/www.natae-agroecology.eu\/wp-content\/uploads\/2026\/04\/cover_marroco_trainig.webp\",\"contentUrl\":\"https:\/\/www.natae-agroecology.eu\/wp-content\/uploads\/2026\/04\/cover_marroco_trainig.webp\",\"width\":762,\"height\":544},{\"@type\":\"BreadcrumbList\",\"@id\":\"https:\/\/www.natae-agroecology.eu\/training-sessions-in-morocco-living-labs-2\/#breadcrumb\",\"itemListElement\":[{\"@type\":\"ListItem\",\"position\":1,\"name\":\"Home\",\"item\":\"https:\/\/www.natae-agroecology.eu\/\"},{\"@type\":\"ListItem\",\"position\":2,\"name\":\"TRAINING SESSIONS IN MOROCCO LIVING LABS\"}]},{\"@type\":\"WebSite\",\"@id\":\"https:\/\/www.natae-agroecology.eu\/#website\",\"url\":\"https:\/\/www.natae-agroecology.eu\/\",\"name\":\"NATAE\",\"description\":\"North African Transition to AgroEcology\",\"publisher\":{\"@id\":\"https:\/\/www.natae-agroecology.eu\/#organization\"},\"potentialAction\":[{\"@type\":\"SearchAction\",\"target\":{\"@type\":\"EntryPoint\",\"urlTemplate\":\"https:\/\/www.natae-agroecology.eu\/?s={search_term_string}\"},\"query-input\":{\"@type\":\"PropertyValueSpecification\",\"valueRequired\":true,\"valueName\":\"search_term_string\"}}],\"inLanguage\":\"fr-FR\"},{\"@type\":\"Organization\",\"@id\":\"https:\/\/www.natae-agroecology.eu\/#organization\",\"name\":\"NATAE\",\"url\":\"https:\/\/www.natae-agroecology.eu\/\",\"logo\":{\"@type\":\"ImageObject\",\"inLanguage\":\"fr-FR\",\"@id\":\"https:\/\/www.natae-agroecology.eu\/#\/schema\/logo\/image\/\",\"url\":\"https:\/\/www.natae-agroecology.eu\/wp-content\/uploads\/2023\/10\/logo-simple.png\",\"contentUrl\":\"https:\/\/www.natae-agroecology.eu\/wp-content\/uploads\/2023\/10\/logo-simple.png\",\"width\":1000,\"height\":544,\"caption\":\"NATAE\"},\"image\":{\"@id\":\"https:\/\/www.natae-agroecology.eu\/#\/schema\/logo\/image\/\"},\"sameAs\":[\"https:\/\/www.facebook.com\/people\/NATAE-Agroecology\/100091167530196\/\",\"https:\/\/x.com\/natae_HE\",\"https:\/\/www.linkedin.com\/company\/nataeagroecology\/\"]},{\"@type\":\"Person\",\"@id\":\"https:\/\/www.natae-agroecology.eu\/#\/schema\/person\/5f06c196f9f322e65a18521f8a456764\",\"name\":\"natae_admin\",\"image\":{\"@type\":\"ImageObject\",\"inLanguage\":\"fr-FR\",\"@id\":\"https:\/\/www.natae-agroecology.eu\/#\/schema\/person\/image\/\",\"url\":\"https:\/\/secure.gravatar.com\/avatar\/cbcfbb7ddb421271406bf5347525e82db73805351e7bebb667a24cac78469d6f?s=96&d=mm&r=g\",\"contentUrl\":\"https:\/\/secure.gravatar.com\/avatar\/cbcfbb7ddb421271406bf5347525e82db73805351e7bebb667a24cac78469d6f?s=96&d=mm&r=g\",\"caption\":\"natae_admin\"},\"sameAs\":[\"https:\/\/www.natae-agroecology.eu\"],\"url\":\"https:\/\/www.natae-agroecology.eu\/fr\/author\/natae_admin\/\"}]}<\/script>\n<!-- \/ Yoast SEO plugin. -->","yoast_head_json":{"title":"SESSIONS DE FORMATION DANS LES LIVING LABS DU MAROC - Natae","robots":{"index":"index","follow":"follow","max-snippet":"max-snippet:-1","max-image-preview":"max-image-preview:large","max-video-preview":"max-video-preview:-1"},"canonical":"https:\/\/www.natae-agroecology.eu\/fr\/sessions-de-formation-au-maroc-living-labs-2\/","og_locale":"fr_FR","og_type":"article","og_title":"TRAINING SESSIONS IN MOROCCO LIVING LABS - Natae","og_description":"April 9th, 10th and 11th, 2026 | MOROCCO LIVING LABS Within the framework of the NATAE (North African Transition to AgroEcology) project, a three-day training program was organized to strengthen [&hellip;]","og_url":"https:\/\/www.natae-agroecology.eu\/fr\/sessions-de-formation-au-maroc-living-labs-2\/","og_site_name":"Natae","article_publisher":"https:\/\/www.facebook.com\/people\/NATAE-Agroecology\/100091167530196\/","article_published_time":"2026-04-27T14:27:28+00:00","article_modified_time":"2026-04-27T14:55:52+00:00","og_image":[{"width":762,"height":544,"url":"https:\/\/www.natae-agroecology.eu\/wp-content\/uploads\/2026\/04\/cover_marroco_trainig.webp","type":"image\/webp"}],"author":"natae_admin","twitter_card":"summary_large_image","twitter_creator":"@natae_HE","twitter_site":"@natae_HE","twitter_misc":{"\u00c9crit par":"natae_admin","Dur\u00e9e de lecture estim\u00e9e":"3 minutes"},"schema":{"@context":"https:\/\/schema.org","@graph":[{"@type":"Article","@id":"https:\/\/www.natae-agroecology.eu\/training-sessions-in-morocco-living-labs-2\/#article","isPartOf":{"@id":"https:\/\/www.natae-agroecology.eu\/training-sessions-in-morocco-living-labs-2\/"},"author":{"name":"natae_admin","@id":"https:\/\/www.natae-agroecology.eu\/#\/schema\/person\/5f06c196f9f322e65a18521f8a456764"},"headline":"TRAINING SESSIONS IN MOROCCO LIVING LABS","datePublished":"2026-04-27T14:27:28+00:00","dateModified":"2026-04-27T14:55:52+00:00","mainEntityOfPage":{"@id":"https:\/\/www.natae-agroecology.eu\/training-sessions-in-morocco-living-labs-2\/"},"wordCount":269,"commentCount":0,"publisher":{"@id":"https:\/\/www.natae-agroecology.eu\/#organization"},"image":{"@id":"https:\/\/www.natae-agroecology.eu\/training-sessions-in-morocco-living-labs-2\/#primaryimage"},"thumbnailUrl":"https:\/\/www.natae-agroecology.eu\/wp-content\/uploads\/2026\/04\/cover_marroco_trainig.webp","articleSection":["News"],"inLanguage":"fr-FR","potentialAction":[{"@type":"CommentAction","name":"Comment","target":["https:\/\/www.natae-agroecology.eu\/training-sessions-in-morocco-living-labs-2\/#respond"]}]},{"@type":"WebPage","@id":"https:\/\/www.natae-agroecology.eu\/training-sessions-in-morocco-living-labs-2\/","url":"https:\/\/www.natae-agroecology.eu\/training-sessions-in-morocco-living-labs-2\/","name":"SESSIONS DE FORMATION DANS LES LIVING LABS DU MAROC - Natae","isPartOf":{"@id":"https:\/\/www.natae-agroecology.eu\/#website"},"primaryImageOfPage":{"@id":"https:\/\/www.natae-agroecology.eu\/training-sessions-in-morocco-living-labs-2\/#primaryimage"},"image":{"@id":"https:\/\/www.natae-agroecology.eu\/training-sessions-in-morocco-living-labs-2\/#primaryimage"},"thumbnailUrl":"https:\/\/www.natae-agroecology.eu\/wp-content\/uploads\/2026\/04\/cover_marroco_trainig.webp","datePublished":"2026-04-27T14:27:28+00:00","dateModified":"2026-04-27T14:55:52+00:00","breadcrumb":{"@id":"https:\/\/www.natae-agroecology.eu\/training-sessions-in-morocco-living-labs-2\/#breadcrumb"},"inLanguage":"fr-FR","potentialAction":[{"@type":"ReadAction","target":["https:\/\/www.natae-agroecology.eu\/training-sessions-in-morocco-living-labs-2\/"]}]},{"@type":"ImageObject","inLanguage":"fr-FR","@id":"https:\/\/www.natae-agroecology.eu\/training-sessions-in-morocco-living-labs-2\/#primaryimage","url":"https:\/\/www.natae-agroecology.eu\/wp-content\/uploads\/2026\/04\/cover_marroco_trainig.webp","contentUrl":"https:\/\/www.natae-agroecology.eu\/wp-content\/uploads\/2026\/04\/cover_marroco_trainig.webp","width":762,"height":544},{"@type":"BreadcrumbList","@id":"https:\/\/www.natae-agroecology.eu\/training-sessions-in-morocco-living-labs-2\/#breadcrumb","itemListElement":[{"@type":"ListItem","position":1,"name":"Home","item":"https:\/\/www.natae-agroecology.eu\/"},{"@type":"ListItem","position":2,"name":"TRAINING SESSIONS IN MOROCCO LIVING LABS"}]},{"@type":"WebSite","@id":"https:\/\/www.natae-agroecology.eu\/#website","url":"https:\/\/www.natae-agroecology.eu\/","name":"NATAE","description":"Transition de l'Afrique du Nord vers l'agro\u00e9cologie","publisher":{"@id":"https:\/\/www.natae-agroecology.eu\/#organization"},"potentialAction":[{"@type":"SearchAction","target":{"@type":"EntryPoint","urlTemplate":"https:\/\/www.natae-agroecology.eu\/?s={search_term_string}"},"query-input":{"@type":"PropertyValueSpecification","valueRequired":true,"valueName":"search_term_string"}}],"inLanguage":"fr-FR"},{"@type":"Organization","@id":"https:\/\/www.natae-agroecology.eu\/#organization","name":"NATAE","url":"https:\/\/www.natae-agroecology.eu\/","logo":{"@type":"ImageObject","inLanguage":"fr-FR","@id":"https:\/\/www.natae-agroecology.eu\/#\/schema\/logo\/image\/","url":"https:\/\/www.natae-agroecology.eu\/wp-content\/uploads\/2023\/10\/logo-simple.png","contentUrl":"https:\/\/www.natae-agroecology.eu\/wp-content\/uploads\/2023\/10\/logo-simple.png","width":1000,"height":544,"caption":"NATAE"},"image":{"@id":"https:\/\/www.natae-agroecology.eu\/#\/schema\/logo\/image\/"},"sameAs":["https:\/\/www.facebook.com\/people\/NATAE-Agroecology\/100091167530196\/","https:\/\/x.com\/natae_HE","https:\/\/www.linkedin.com\/company\/nataeagroecology\/"]},{"@type":"Person","@id":"https:\/\/www.natae-agroecology.eu\/#\/schema\/person\/5f06c196f9f322e65a18521f8a456764","name":"natae_admin","image":{"@type":"ImageObject","inLanguage":"fr-FR","@id":"https:\/\/www.natae-agroecology.eu\/#\/schema\/person\/image\/","url":"https:\/\/secure.gravatar.com\/avatar\/cbcfbb7ddb421271406bf5347525e82db73805351e7bebb667a24cac78469d6f?s=96&d=mm&r=g","contentUrl":"https:\/\/secure.gravatar.com\/avatar\/cbcfbb7ddb421271406bf5347525e82db73805351e7bebb667a24cac78469d6f?s=96&d=mm&r=g","caption":"natae_admin"},"sameAs":["https:\/\/www.natae-agroecology.eu"],"url":"https:\/\/www.natae-agroecology.eu\/fr\/author\/natae_admin\/"}]}},"_links":{"self":[{"href":"https:\/\/www.natae-agroecology.eu\/fr\/wp-json\/wp\/v2\/posts\/7422","targetHints":{"allow":["GET"]}}],"collection":[{"href":"https:\/\/www.natae-agroecology.eu\/fr\/wp-json\/wp\/v2\/posts"}],"about":[{"href":"https:\/\/www.natae-agroecology.eu\/fr\/wp-json\/wp\/v2\/types\/post"}],"author":[{"embeddable":true,"href":"https:\/\/www.natae-agroecology.eu\/fr\/wp-json\/wp\/v2\/users\/1"}],"replies":[{"embeddable":true,"href":"https:\/\/www.natae-agroecology.eu\/fr\/wp-json\/wp\/v2\/comments?post=7422"}],"version-history":[{"count":8,"href":"https:\/\/www.natae-agroecology.eu\/fr\/wp-json\/wp\/v2\/posts\/7422\/revisions"}],"predecessor-version":[{"id":7434,"href":"https:\/\/www.natae-agroecology.eu\/fr\/wp-json\/wp\/v2\/posts\/7422\/revisions\/7434"}],"wp:featuredmedia":[{"embeddable":true,"href":"https:\/\/www.natae-agroecology.eu\/fr\/wp-json\/wp\/v2\/media\/7435"}],"wp:attachment":[{"href":"https:\/\/www.natae-agroecology.eu\/fr\/wp-json\/wp\/v2\/media?parent=7422"}],"wp:term":[{"taxonomy":"category","embeddable":true,"href":"https:\/\/www.natae-agroecology.eu\/fr\/wp-json\/wp\/v2\/categories?post=7422"},{"taxonomy":"post_tag","embeddable":true,"href":"https:\/\/www.natae-agroecology.eu\/fr\/wp-json\/wp\/v2\/tags?post=7422"}],"curies":[{"name":"wp","href":"https:\/\/api.w.org\/{rel}","templated":true}]}}