{"id":7436,"date":"2026-04-29T11:41:38","date_gmt":"2026-04-29T11:41:38","guid":{"rendered":"https:\/\/www.natae-agroecology.eu\/?p=7436"},"modified":"2026-04-29T15:11:19","modified_gmt":"2026-04-29T15:11:19","slug":"natae-au-coeur-de-la-6eme-desertifaction","status":"publish","type":"post","link":"https:\/\/www.natae-agroecology.eu\/fr\/natae-at-the-heart-of-the-6th-desertifaction\/","title":{"rendered":"NATAE au c\u0153ur de la 6e action de la d\u00e9sertification"},"content":{"rendered":"<div data-elementor-type=\"wp-post\" data-elementor-id=\"7436\" class=\"elementor elementor-7436\">\n\t\t\t\t<div class=\"elementor-element elementor-element-89a75ca e-flex e-con-boxed e-con e-parent\" data-id=\"89a75ca\" data-element_type=\"container\" data-settings=\"{&quot;jet_parallax_layout_list&quot;:[]}\">\n\t\t\t\t\t<div class=\"e-con-inner\">\n\t\t<div class=\"elementor-element elementor-element-aaa27b3 e-con-full e-flex e-con e-child\" data-id=\"aaa27b3\" data-element_type=\"container\" data-settings=\"{&quot;jet_parallax_layout_list&quot;:[]}\">\n\t\t\t\t<div class=\"elementor-element elementor-element-59c4f52 elementor-widget elementor-widget-image\" data-id=\"59c4f52\" data-element_type=\"widget\" data-widget_type=\"image.default\">\n\t\t\t\t<div class=\"elementor-widget-container\">\n\t\t\t\t\t\t\t\t\t\t\t\t\t\t\t<img fetchpriority=\"high\" decoding=\"async\" width=\"351\" height=\"353\" src=\"https:\/\/www.natae-agroecology.eu\/wp-content\/uploads\/2026\/04\/Picture1_desertif_v2.jpg\" class=\"attachment-full size-full wp-image-7450\" alt=\"\" srcset=\"https:\/\/www.natae-agroecology.eu\/wp-content\/uploads\/2026\/04\/Picture1_desertif_v2.jpg 351w, https:\/\/www.natae-agroecology.eu\/wp-content\/uploads\/2026\/04\/Picture1_desertif_v2-298x300.jpg 298w, https:\/\/www.natae-agroecology.eu\/wp-content\/uploads\/2026\/04\/Picture1_desertif_v2-150x150.jpg 150w, https:\/\/www.natae-agroecology.eu\/wp-content\/uploads\/2026\/04\/Picture1_desertif_v2-12x12.jpg 12w\" sizes=\"(max-width: 351px) 100vw, 351px\" \/>\t\t\t\t\t\t\t\t\t\t\t\t\t\t\t<\/div>\n\t\t\t\t<\/div>\n\t\t\t\t<\/div>\n\t\t\t\t\t<\/div>\n\t\t\t\t<\/div>\n\t\t<div class=\"elementor-element elementor-element-6881cf7 e-flex e-con-boxed e-con e-parent\" data-id=\"6881cf7\" data-element_type=\"container\" data-settings=\"{&quot;jet_parallax_layout_list&quot;:[]}\">\n\t\t\t\t\t<div class=\"e-con-inner\">\n\t\t\t\t<div class=\"elementor-element elementor-element-ad861fe elementor-widget elementor-widget-heading\" data-id=\"ad861fe\" data-element_type=\"widget\" data-widget_type=\"heading.default\">\n\t\t\t\t<div class=\"elementor-widget-container\">\n\t\t\t\t\t<h3 class=\"elementor-heading-title elementor-size-default\">NATAE au c\u0153ur de la 6\u00e8me \u00e9dition de la D\u00e9sertif'action (25-28 mars 2026) \u00e0 Djerba<\/h3>\t\t\t\t<\/div>\n\t\t\t\t<\/div>\n\t\t\t\t\t<\/div>\n\t\t\t\t<\/div>\n\t\t<div class=\"elementor-element elementor-element-3b3a0ab7 e-flex e-con-boxed e-con e-parent\" data-id=\"3b3a0ab7\" data-element_type=\"container\" data-settings=\"{&quot;jet_parallax_layout_list&quot;:[]}\">\n\t\t\t\t\t<div class=\"e-con-inner\">\n\t\t\t\t<div class=\"elementor-element elementor-element-8516d7 elementor-widget elementor-widget-text-editor\" data-id=\"8516d7\" data-element_type=\"widget\" data-widget_type=\"text-editor.default\">\n\t\t\t\t<div class=\"elementor-widget-container\">\n\t\t\t\t\t\t\t\t\t<p>Le sixi\u00e8me sommet sur la d\u00e9sertif'action s'est d\u00e9roul\u00e9 du 25 au 28 mars 2026 \u00e0 Jerba, (Tunisie), r\u00e9unissant 450 participants internationaux : repr\u00e9sentants de la soci\u00e9t\u00e9 civile, chercheurs, ONG, associations, institutions priv\u00e9es et publiques, collectivit\u00e9s locales, et agriculteurs et co-organis\u00e9 par le CARI, l'UNCCD, et l'OSS, en partenariat avec l'ACDD et le WWF Afrique du Nord.<\/p><p>Pendant trois jours, les participants ont assist\u00e9 \u00e0 des sessions pl\u00e9ni\u00e8res et \u00e0 diff\u00e9rents travaux de groupe. L'objectif de ces trois jours de travail \u00e9tait d'\u00e9laborer collectivement des solutions et des propositions pour la COP17 qui se tiendra en Mongolie cet \u00e9t\u00e9.<\/p><p>Les th\u00e8mes d'action de la d\u00e9sertification \u00e9taient (1) la transformation des syst\u00e8mes agricoles et\/ou d'\u00e9levage s\u00e9dentaires, (2) le pastoralisme, (3) la gestion territoriale des ressources en eau et (4) la gouvernance territoriale.<\/p><p>NATAE \u00e9tait au c\u0153ur de cette 6\u00e8me \u00e9dition, repr\u00e9sent\u00e9 par IAMM, CARI, INAT, INGC, RIAM et l'Association Al Argoub. Ce fut l'occasion de pr\u00e9senter le projet lors d'un side event le 27 mars et d'un stand d'exposition le dernier jour partag\u00e9 avec le r\u00e9seau MEDAE et le R\u00e9seau Tunisien pour la Transition Agro\u00e9cologique RTTA.<\/p>\t\t\t\t\t\t\t\t<\/div>\n\t\t\t\t<\/div>\n\t\t\t\t\t<\/div>\n\t\t\t\t<\/div>\n\t\t<div class=\"elementor-element elementor-element-1af7e07 e-flex e-con-boxed e-con e-parent\" data-id=\"1af7e07\" data-element_type=\"container\" data-settings=\"{&quot;jet_parallax_layout_list&quot;:[]}\">\n\t\t\t\t\t<div class=\"e-con-inner\">\n\t\t\t\t<div class=\"elementor-element elementor-element-1d2722d gallery-spacing-custom elementor-widget elementor-widget-image-gallery\" data-id=\"1d2722d\" data-element_type=\"widget\" data-widget_type=\"image-gallery.default\">\n\t\t\t\t<div class=\"elementor-widget-container\">\n\t\t\t\t\t\t\t<div class=\"elementor-image-gallery\">\n\t\t\t<div class=\"row gallery galleryid-7436 gallery-columns-3 gallery-size-full\" data-uk-grid-margin=\"\"><figure class=\"gallery-item\"><div class=\"gallery-icon landscape\"><a data-elementor-open-lightbox=\"yes\" data-elementor-lightbox-slideshow=\"1d2722d\" data-elementor-lightbox-title=\"Desertifaction_1\" data-e-action-hash=\"#elementor-action%3Aaction%3Dlightbox%26settings%3DeyJpZCI6NzQ0NSwidXJsIjoiaHR0cHM6XC9cL3d3dy5uYXRhZS1hZ3JvZWNvbG9neS5ldVwvd3AtY29udGVudFwvdXBsb2Fkc1wvMjAyNlwvMDRcL0Rlc2VydGlmYWN0aW9uXzEtc2NhbGVkLndlYnAiLCJzbGlkZXNob3ciOiIxZDI3MjJkIn0%3D\" href='https:\/\/www.natae-agroecology.eu\/wp-content\/uploads\/2026\/04\/Desertifaction_1-scaled.webp'><img width=\"2560\" height=\"1707\" src=\"https:\/\/www.natae-agroecology.eu\/wp-content\/uploads\/2026\/04\/Desertifaction_1-scaled.webp\" class=\"attachment-full size-full\" alt=\"\" decoding=\"async\" srcset=\"https:\/\/www.natae-agroecology.eu\/wp-content\/uploads\/2026\/04\/Desertifaction_1-scaled.webp 2560w, https:\/\/www.natae-agroecology.eu\/wp-content\/uploads\/2026\/04\/Desertifaction_1-300x200.webp 300w, https:\/\/www.natae-agroecology.eu\/wp-content\/uploads\/2026\/04\/Desertifaction_1-1024x683.webp 1024w, https:\/\/www.natae-agroecology.eu\/wp-content\/uploads\/2026\/04\/Desertifaction_1-768x512.webp 768w, https:\/\/www.natae-agroecology.eu\/wp-content\/uploads\/2026\/04\/Desertifaction_1-1536x1024.webp 1536w, https:\/\/www.natae-agroecology.eu\/wp-content\/uploads\/2026\/04\/Desertifaction_1-2048x1365.webp 2048w, https:\/\/www.natae-agroecology.eu\/wp-content\/uploads\/2026\/04\/Desertifaction_1-18x12.webp 18w\" sizes=\"(max-width: 2560px) 100vw, 2560px\" \/><\/a><\/div><\/figure><figure class=\"gallery-item\"><div class=\"gallery-icon landscape\"><a data-elementor-open-lightbox=\"yes\" data-elementor-lightbox-slideshow=\"1d2722d\" data-elementor-lightbox-title=\"Desertifaction_9\" data-e-action-hash=\"#elementor-action%3Aaction%3Dlightbox%26settings%3DeyJpZCI6NzQ0NCwidXJsIjoiaHR0cHM6XC9cL3d3dy5uYXRhZS1hZ3JvZWNvbG9neS5ldVwvd3AtY29udGVudFwvdXBsb2Fkc1wvMjAyNlwvMDRcL0Rlc2VydGlmYWN0aW9uXzktc2NhbGVkLndlYnAiLCJzbGlkZXNob3ciOiIxZDI3MjJkIn0%3D\" href='https:\/\/www.natae-agroecology.eu\/wp-content\/uploads\/2026\/04\/Desertifaction_9-scaled.webp'><img width=\"2560\" height=\"1707\" src=\"https:\/\/www.natae-agroecology.eu\/wp-content\/uploads\/2026\/04\/Desertifaction_9-scaled.webp\" class=\"attachment-full size-full\" alt=\"\" decoding=\"async\" srcset=\"https:\/\/www.natae-agroecology.eu\/wp-content\/uploads\/2026\/04\/Desertifaction_9-scaled.webp 2560w, https:\/\/www.natae-agroecology.eu\/wp-content\/uploads\/2026\/04\/Desertifaction_9-300x200.webp 300w, https:\/\/www.natae-agroecology.eu\/wp-content\/uploads\/2026\/04\/Desertifaction_9-1024x683.webp 1024w, https:\/\/www.natae-agroecology.eu\/wp-content\/uploads\/2026\/04\/Desertifaction_9-768x512.webp 768w, https:\/\/www.natae-agroecology.eu\/wp-content\/uploads\/2026\/04\/Desertifaction_9-1536x1024.webp 1536w, https:\/\/www.natae-agroecology.eu\/wp-content\/uploads\/2026\/04\/Desertifaction_9-2048x1365.webp 2048w, https:\/\/www.natae-agroecology.eu\/wp-content\/uploads\/2026\/04\/Desertifaction_9-18x12.webp 18w\" sizes=\"(max-width: 2560px) 100vw, 2560px\" \/><\/a><\/div><\/figure><figure class=\"gallery-item\"><div class=\"gallery-icon landscape\"><a data-elementor-open-lightbox=\"yes\" data-elementor-lightbox-slideshow=\"1d2722d\" data-elementor-lightbox-title=\"Desertifaction_8\" data-e-action-hash=\"#elementor-action%3Aaction%3Dlightbox%26settings%3DeyJpZCI6NzQ0MywidXJsIjoiaHR0cHM6XC9cL3d3dy5uYXRhZS1hZ3JvZWNvbG9neS5ldVwvd3AtY29udGVudFwvdXBsb2Fkc1wvMjAyNlwvMDRcL0Rlc2VydGlmYWN0aW9uXzgtc2NhbGVkLndlYnAiLCJzbGlkZXNob3ciOiIxZDI3MjJkIn0%3D\" href='https:\/\/www.natae-agroecology.eu\/wp-content\/uploads\/2026\/04\/Desertifaction_8-scaled.webp'><img loading=\"lazy\" width=\"2560\" height=\"1707\" src=\"https:\/\/www.natae-agroecology.eu\/wp-content\/uploads\/2026\/04\/Desertifaction_8-scaled.webp\" class=\"attachment-full size-full\" alt=\"\" decoding=\"async\" srcset=\"https:\/\/www.natae-agroecology.eu\/wp-content\/uploads\/2026\/04\/Desertifaction_8-scaled.webp 2560w, https:\/\/www.natae-agroecology.eu\/wp-content\/uploads\/2026\/04\/Desertifaction_8-300x200.webp 300w, https:\/\/www.natae-agroecology.eu\/wp-content\/uploads\/2026\/04\/Desertifaction_8-1024x683.webp 1024w, https:\/\/www.natae-agroecology.eu\/wp-content\/uploads\/2026\/04\/Desertifaction_8-768x512.webp 768w, https:\/\/www.natae-agroecology.eu\/wp-content\/uploads\/2026\/04\/Desertifaction_8-1536x1024.webp 1536w, https:\/\/www.natae-agroecology.eu\/wp-content\/uploads\/2026\/04\/Desertifaction_8-2048x1365.webp 2048w, https:\/\/www.natae-agroecology.eu\/wp-content\/uploads\/2026\/04\/Desertifaction_8-18x12.webp 18w\" sizes=\"(max-width: 2560px) 100vw, 2560px\" \/><\/a><\/div><\/figure><figure class=\"gallery-item\"><div class=\"gallery-icon landscape\"><a data-elementor-open-lightbox=\"yes\" data-elementor-lightbox-slideshow=\"1d2722d\" data-elementor-lightbox-title=\"Desertifaction_7\" data-e-action-hash=\"#elementor-action%3Aaction%3Dlightbox%26settings%3DeyJpZCI6NzQ0MiwidXJsIjoiaHR0cHM6XC9cL3d3dy5uYXRhZS1hZ3JvZWNvbG9neS5ldVwvd3AtY29udGVudFwvdXBsb2Fkc1wvMjAyNlwvMDRcL0Rlc2VydGlmYWN0aW9uXzctc2NhbGVkLndlYnAiLCJzbGlkZXNob3ciOiIxZDI3MjJkIn0%3D\" href='https:\/\/www.natae-agroecology.eu\/wp-content\/uploads\/2026\/04\/Desertifaction_7-scaled.webp'><img loading=\"lazy\" width=\"2560\" height=\"1707\" src=\"https:\/\/www.natae-agroecology.eu\/wp-content\/uploads\/2026\/04\/Desertifaction_7-scaled.webp\" class=\"attachment-full size-full\" alt=\"\" decoding=\"async\" srcset=\"https:\/\/www.natae-agroecology.eu\/wp-content\/uploads\/2026\/04\/Desertifaction_7-scaled.webp 2560w, https:\/\/www.natae-agroecology.eu\/wp-content\/uploads\/2026\/04\/Desertifaction_7-300x200.webp 300w, https:\/\/www.natae-agroecology.eu\/wp-content\/uploads\/2026\/04\/Desertifaction_7-1024x683.webp 1024w, https:\/\/www.natae-agroecology.eu\/wp-content\/uploads\/2026\/04\/Desertifaction_7-768x512.webp 768w, https:\/\/www.natae-agroecology.eu\/wp-content\/uploads\/2026\/04\/Desertifaction_7-1536x1024.webp 1536w, https:\/\/www.natae-agroecology.eu\/wp-content\/uploads\/2026\/04\/Desertifaction_7-2048x1365.webp 2048w, https:\/\/www.natae-agroecology.eu\/wp-content\/uploads\/2026\/04\/Desertifaction_7-18x12.webp 18w\" sizes=\"(max-width: 2560px) 100vw, 2560px\" \/><\/a><\/div><\/figure><figure class=\"gallery-item\"><div class=\"gallery-icon landscape\"><a data-elementor-open-lightbox=\"yes\" data-elementor-lightbox-slideshow=\"1d2722d\" data-elementor-lightbox-title=\"Desertifaction_5\" data-e-action-hash=\"#elementor-action%3Aaction%3Dlightbox%26settings%3DeyJpZCI6NzQ0MCwidXJsIjoiaHR0cHM6XC9cL3d3dy5uYXRhZS1hZ3JvZWNvbG9neS5ldVwvd3AtY29udGVudFwvdXBsb2Fkc1wvMjAyNlwvMDRcL0Rlc2VydGlmYWN0aW9uXzUtc2NhbGVkLndlYnAiLCJzbGlkZXNob3ciOiIxZDI3MjJkIn0%3D\" href='https:\/\/www.natae-agroecology.eu\/wp-content\/uploads\/2026\/04\/Desertifaction_5-scaled.webp'><img loading=\"lazy\" width=\"2560\" height=\"1707\" src=\"https:\/\/www.natae-agroecology.eu\/wp-content\/uploads\/2026\/04\/Desertifaction_5-scaled.webp\" class=\"attachment-full size-full\" alt=\"\" decoding=\"async\" srcset=\"https:\/\/www.natae-agroecology.eu\/wp-content\/uploads\/2026\/04\/Desertifaction_5-scaled.webp 2560w, https:\/\/www.natae-agroecology.eu\/wp-content\/uploads\/2026\/04\/Desertifaction_5-300x200.webp 300w, https:\/\/www.natae-agroecology.eu\/wp-content\/uploads\/2026\/04\/Desertifaction_5-1024x683.webp 1024w, https:\/\/www.natae-agroecology.eu\/wp-content\/uploads\/2026\/04\/Desertifaction_5-768x512.webp 768w, https:\/\/www.natae-agroecology.eu\/wp-content\/uploads\/2026\/04\/Desertifaction_5-1536x1024.webp 1536w, https:\/\/www.natae-agroecology.eu\/wp-content\/uploads\/2026\/04\/Desertifaction_5-2048x1365.webp 2048w, https:\/\/www.natae-agroecology.eu\/wp-content\/uploads\/2026\/04\/Desertifaction_5-18x12.webp 18w\" sizes=\"(max-width: 2560px) 100vw, 2560px\" \/><\/a><\/div><\/figure><figure class=\"gallery-item\"><div class=\"gallery-icon landscape\"><a data-elementor-open-lightbox=\"yes\" data-elementor-lightbox-slideshow=\"1d2722d\" data-elementor-lightbox-title=\"Desertifaction_4\" data-e-action-hash=\"#elementor-action%3Aaction%3Dlightbox%26settings%3DeyJpZCI6NzQzOSwidXJsIjoiaHR0cHM6XC9cL3d3dy5uYXRhZS1hZ3JvZWNvbG9neS5ldVwvd3AtY29udGVudFwvdXBsb2Fkc1wvMjAyNlwvMDRcL0Rlc2VydGlmYWN0aW9uXzQtc2NhbGVkLndlYnAiLCJzbGlkZXNob3ciOiIxZDI3MjJkIn0%3D\" href='https:\/\/www.natae-agroecology.eu\/wp-content\/uploads\/2026\/04\/Desertifaction_4-scaled.webp'><img loading=\"lazy\" width=\"2560\" height=\"1707\" src=\"https:\/\/www.natae-agroecology.eu\/wp-content\/uploads\/2026\/04\/Desertifaction_4-scaled.webp\" class=\"attachment-full size-full\" alt=\"\" decoding=\"async\" srcset=\"https:\/\/www.natae-agroecology.eu\/wp-content\/uploads\/2026\/04\/Desertifaction_4-scaled.webp 2560w, https:\/\/www.natae-agroecology.eu\/wp-content\/uploads\/2026\/04\/Desertifaction_4-300x200.webp 300w, https:\/\/www.natae-agroecology.eu\/wp-content\/uploads\/2026\/04\/Desertifaction_4-1024x683.webp 1024w, https:\/\/www.natae-agroecology.eu\/wp-content\/uploads\/2026\/04\/Desertifaction_4-768x512.webp 768w, https:\/\/www.natae-agroecology.eu\/wp-content\/uploads\/2026\/04\/Desertifaction_4-1536x1024.webp 1536w, https:\/\/www.natae-agroecology.eu\/wp-content\/uploads\/2026\/04\/Desertifaction_4-2048x1365.webp 2048w, https:\/\/www.natae-agroecology.eu\/wp-content\/uploads\/2026\/04\/Desertifaction_4-18x12.webp 18w\" sizes=\"(max-width: 2560px) 100vw, 2560px\" \/><\/a><\/div><\/figure><figure class=\"gallery-item\"><div class=\"gallery-icon landscape\"><a data-elementor-open-lightbox=\"yes\" data-elementor-lightbox-slideshow=\"1d2722d\" data-elementor-lightbox-title=\"Desertifaction_3\" data-e-action-hash=\"#elementor-action%3Aaction%3Dlightbox%26settings%3DeyJpZCI6NzQzOCwidXJsIjoiaHR0cHM6XC9cL3d3dy5uYXRhZS1hZ3JvZWNvbG9neS5ldVwvd3AtY29udGVudFwvdXBsb2Fkc1wvMjAyNlwvMDRcL0Rlc2VydGlmYWN0aW9uXzMtc2NhbGVkLndlYnAiLCJzbGlkZXNob3ciOiIxZDI3MjJkIn0%3D\" href='https:\/\/www.natae-agroecology.eu\/wp-content\/uploads\/2026\/04\/Desertifaction_3-scaled.webp'><img loading=\"lazy\" width=\"2560\" height=\"1707\" src=\"https:\/\/www.natae-agroecology.eu\/wp-content\/uploads\/2026\/04\/Desertifaction_3-scaled.webp\" class=\"attachment-full size-full\" alt=\"\" decoding=\"async\" srcset=\"https:\/\/www.natae-agroecology.eu\/wp-content\/uploads\/2026\/04\/Desertifaction_3-scaled.webp 2560w, https:\/\/www.natae-agroecology.eu\/wp-content\/uploads\/2026\/04\/Desertifaction_3-300x200.webp 300w, https:\/\/www.natae-agroecology.eu\/wp-content\/uploads\/2026\/04\/Desertifaction_3-1024x683.webp 1024w, https:\/\/www.natae-agroecology.eu\/wp-content\/uploads\/2026\/04\/Desertifaction_3-768x512.webp 768w, https:\/\/www.natae-agroecology.eu\/wp-content\/uploads\/2026\/04\/Desertifaction_3-1536x1024.webp 1536w, https:\/\/www.natae-agroecology.eu\/wp-content\/uploads\/2026\/04\/Desertifaction_3-2048x1365.webp 2048w, https:\/\/www.natae-agroecology.eu\/wp-content\/uploads\/2026\/04\/Desertifaction_3-18x12.webp 18w\" sizes=\"(max-width: 2560px) 100vw, 2560px\" \/><\/a><\/div><\/figure><figure class=\"gallery-item\"><div class=\"gallery-icon landscape\"><a data-elementor-open-lightbox=\"yes\" data-elementor-lightbox-slideshow=\"1d2722d\" data-elementor-lightbox-title=\"Desertifaction_2\" data-e-action-hash=\"#elementor-action%3Aaction%3Dlightbox%26settings%3DeyJpZCI6NzQzNywidXJsIjoiaHR0cHM6XC9cL3d3dy5uYXRhZS1hZ3JvZWNvbG9neS5ldVwvd3AtY29udGVudFwvdXBsb2Fkc1wvMjAyNlwvMDRcL0Rlc2VydGlmYWN0aW9uXzItc2NhbGVkLndlYnAiLCJzbGlkZXNob3ciOiIxZDI3MjJkIn0%3D\" href='https:\/\/www.natae-agroecology.eu\/wp-content\/uploads\/2026\/04\/Desertifaction_2-scaled.webp'><img loading=\"lazy\" width=\"2560\" height=\"1707\" src=\"https:\/\/www.natae-agroecology.eu\/wp-content\/uploads\/2026\/04\/Desertifaction_2-scaled.webp\" class=\"attachment-full size-full\" alt=\"\" decoding=\"async\" srcset=\"https:\/\/www.natae-agroecology.eu\/wp-content\/uploads\/2026\/04\/Desertifaction_2-scaled.webp 2560w, https:\/\/www.natae-agroecology.eu\/wp-content\/uploads\/2026\/04\/Desertifaction_2-300x200.webp 300w, https:\/\/www.natae-agroecology.eu\/wp-content\/uploads\/2026\/04\/Desertifaction_2-1024x683.webp 1024w, https:\/\/www.natae-agroecology.eu\/wp-content\/uploads\/2026\/04\/Desertifaction_2-768x512.webp 768w, https:\/\/www.natae-agroecology.eu\/wp-content\/uploads\/2026\/04\/Desertifaction_2-1536x1024.webp 1536w, https:\/\/www.natae-agroecology.eu\/wp-content\/uploads\/2026\/04\/Desertifaction_2-2048x1365.webp 2048w, https:\/\/www.natae-agroecology.eu\/wp-content\/uploads\/2026\/04\/Desertifaction_2-18x12.webp 18w\" sizes=\"(max-width: 2560px) 100vw, 2560px\" \/><\/a><\/div><\/figure><figure class=\"gallery-item\"><div class=\"gallery-icon landscape\"><a data-elementor-open-lightbox=\"yes\" data-elementor-lightbox-slideshow=\"1d2722d\" data-elementor-lightbox-title=\"Desertifaction_10\" data-e-action-hash=\"#elementor-action%3Aaction%3Dlightbox%26settings%3DeyJpZCI6NzQ1MiwidXJsIjoiaHR0cHM6XC9cL3d3dy5uYXRhZS1hZ3JvZWNvbG9neS5ldVwvd3AtY29udGVudFwvdXBsb2Fkc1wvMjAyNlwvMDRcL0Rlc2VydGlmYWN0aW9uXzEwLXNjYWxlZC53ZWJwIiwic2xpZGVzaG93IjoiMWQyNzIyZCJ9\" href='https:\/\/www.natae-agroecology.eu\/wp-content\/uploads\/2026\/04\/Desertifaction_10-scaled.webp'><img loading=\"lazy\" width=\"2560\" height=\"1707\" src=\"https:\/\/www.natae-agroecology.eu\/wp-content\/uploads\/2026\/04\/Desertifaction_10-scaled.webp\" class=\"attachment-full size-full\" alt=\"\" decoding=\"async\" srcset=\"https:\/\/www.natae-agroecology.eu\/wp-content\/uploads\/2026\/04\/Desertifaction_10-scaled.webp 2560w, https:\/\/www.natae-agroecology.eu\/wp-content\/uploads\/2026\/04\/Desertifaction_10-300x200.webp 300w, https:\/\/www.natae-agroecology.eu\/wp-content\/uploads\/2026\/04\/Desertifaction_10-1024x683.webp 1024w, https:\/\/www.natae-agroecology.eu\/wp-content\/uploads\/2026\/04\/Desertifaction_10-768x512.webp 768w, https:\/\/www.natae-agroecology.eu\/wp-content\/uploads\/2026\/04\/Desertifaction_10-1536x1024.webp 1536w, https:\/\/www.natae-agroecology.eu\/wp-content\/uploads\/2026\/04\/Desertifaction_10-2048x1365.webp 2048w, https:\/\/www.natae-agroecology.eu\/wp-content\/uploads\/2026\/04\/Desertifaction_10-18x12.webp 18w\" sizes=\"(max-width: 2560px) 100vw, 2560px\" \/><\/a><\/div><\/figure><\/div>\t\t<\/div>\n\t\t\t\t\t\t<\/div>\n\t\t\t\t<\/div>\n\t\t\t\t\t<\/div>\n\t\t\t\t<\/div>\n\t\t\t\t<\/div>","protected":false},"excerpt":{"rendered":"<p>NATAE in the heart of the 6th edition of the Desertif\u2019action (March 25-28th, 2026) in Djerba The sixth summit on desertif\u2019action took place from March 25 to 28, 2026 in [&hellip;]<\/p>\n","protected":false},"author":1,"featured_media":7441,"comment_status":"open","ping_status":"open","sticky":false,"template":"","format":"standard","meta":{"_acf_changed":false,"inline_featured_image":false,"footnotes":""},"categories":[28],"tags":[],"class_list":["post-7436","post","type-post","status-publish","format-standard","has-post-thumbnail","hentry","category-news"],"acf":[],"yoast_head":"<!-- This site is optimized with the Yoast SEO plugin v26.8 - https:\/\/yoast.com\/product\/yoast-seo-wordpress\/ -->\n<title>NATAE at the Heart of the 6th Desertif\u2019action - Natae<\/title>\n<meta name=\"robots\" content=\"index, follow, max-snippet:-1, max-image-preview:large, max-video-preview:-1\" \/>\n<link rel=\"canonical\" href=\"https:\/\/www.natae-agroecology.eu\/fr\/natae-au-coeur-de-la-6eme-desertifaction\/\" \/>\n<meta property=\"og:locale\" content=\"fr_FR\" \/>\n<meta property=\"og:type\" content=\"article\" \/>\n<meta property=\"og:title\" content=\"NATAE at the Heart of the 6th Desertif\u2019action - Natae\" \/>\n<meta property=\"og:description\" content=\"NATAE in the heart of the 6th edition of the Desertif\u2019action (March 25-28th, 2026) in Djerba The sixth summit on desertif\u2019action took place from March 25 to 28, 2026 in [&hellip;]\" \/>\n<meta property=\"og:url\" content=\"https:\/\/www.natae-agroecology.eu\/fr\/natae-au-coeur-de-la-6eme-desertifaction\/\" \/>\n<meta property=\"og:site_name\" content=\"Natae\" \/>\n<meta property=\"article:publisher\" content=\"https:\/\/www.facebook.com\/people\/NATAE-Agroecology\/100091167530196\/\" \/>\n<meta property=\"article:published_time\" content=\"2026-04-29T11:41:38+00:00\" \/>\n<meta property=\"article:modified_time\" content=\"2026-04-29T15:11:19+00:00\" \/>\n<meta property=\"og:image\" content=\"https:\/\/www.natae-agroecology.eu\/wp-content\/uploads\/2026\/04\/Desertifaction_6-scaled.webp\" \/>\n\t<meta property=\"og:image:width\" content=\"2560\" \/>\n\t<meta property=\"og:image:height\" content=\"1707\" \/>\n\t<meta property=\"og:image:type\" content=\"image\/webp\" \/>\n<meta name=\"author\" content=\"natae_admin\" \/>\n<meta name=\"twitter:card\" content=\"summary_large_image\" \/>\n<meta name=\"twitter:creator\" content=\"@natae_HE\" \/>\n<meta name=\"twitter:site\" content=\"@natae_HE\" \/>\n<meta name=\"twitter:label1\" content=\"\u00c9crit par\" \/>\n\t<meta name=\"twitter:data1\" content=\"natae_admin\" \/>\n\t<meta name=\"twitter:label2\" content=\"Dur\u00e9e de lecture estim\u00e9e\" \/>\n\t<meta name=\"twitter:data2\" content=\"3 minutes\" \/>\n<script type=\"application\/ld+json\" class=\"yoast-schema-graph\">{\"@context\":\"https:\/\/schema.org\",\"@graph\":[{\"@type\":\"Article\",\"@id\":\"https:\/\/www.natae-agroecology.eu\/natae-at-the-heart-of-the-6th-desertifaction\/#article\",\"isPartOf\":{\"@id\":\"https:\/\/www.natae-agroecology.eu\/natae-at-the-heart-of-the-6th-desertifaction\/\"},\"author\":{\"name\":\"natae_admin\",\"@id\":\"https:\/\/www.natae-agroecology.eu\/#\/schema\/person\/5f06c196f9f322e65a18521f8a456764\"},\"headline\":\"NATAE at the Heart of the 6th Desertif\u2019action\",\"datePublished\":\"2026-04-29T11:41:38+00:00\",\"dateModified\":\"2026-04-29T15:11:19+00:00\",\"mainEntityOfPage\":{\"@id\":\"https:\/\/www.natae-agroecology.eu\/natae-at-the-heart-of-the-6th-desertifaction\/\"},\"wordCount\":185,\"commentCount\":0,\"publisher\":{\"@id\":\"https:\/\/www.natae-agroecology.eu\/#organization\"},\"image\":{\"@id\":\"https:\/\/www.natae-agroecology.eu\/natae-at-the-heart-of-the-6th-desertifaction\/#primaryimage\"},\"thumbnailUrl\":\"https:\/\/www.natae-agroecology.eu\/wp-content\/uploads\/2026\/04\/Desertifaction_6-scaled.webp\",\"articleSection\":[\"News\"],\"inLanguage\":\"fr-FR\",\"potentialAction\":[{\"@type\":\"CommentAction\",\"name\":\"Comment\",\"target\":[\"https:\/\/www.natae-agroecology.eu\/natae-at-the-heart-of-the-6th-desertifaction\/#respond\"]}]},{\"@type\":\"WebPage\",\"@id\":\"https:\/\/www.natae-agroecology.eu\/natae-at-the-heart-of-the-6th-desertifaction\/\",\"url\":\"https:\/\/www.natae-agroecology.eu\/natae-at-the-heart-of-the-6th-desertifaction\/\",\"name\":\"NATAE at the Heart of the 6th Desertif\u2019action - Natae\",\"isPartOf\":{\"@id\":\"https:\/\/www.natae-agroecology.eu\/#website\"},\"primaryImageOfPage\":{\"@id\":\"https:\/\/www.natae-agroecology.eu\/natae-at-the-heart-of-the-6th-desertifaction\/#primaryimage\"},\"image\":{\"@id\":\"https:\/\/www.natae-agroecology.eu\/natae-at-the-heart-of-the-6th-desertifaction\/#primaryimage\"},\"thumbnailUrl\":\"https:\/\/www.natae-agroecology.eu\/wp-content\/uploads\/2026\/04\/Desertifaction_6-scaled.webp\",\"datePublished\":\"2026-04-29T11:41:38+00:00\",\"dateModified\":\"2026-04-29T15:11:19+00:00\",\"breadcrumb\":{\"@id\":\"https:\/\/www.natae-agroecology.eu\/natae-at-the-heart-of-the-6th-desertifaction\/#breadcrumb\"},\"inLanguage\":\"fr-FR\",\"potentialAction\":[{\"@type\":\"ReadAction\",\"target\":[\"https:\/\/www.natae-agroecology.eu\/natae-at-the-heart-of-the-6th-desertifaction\/\"]}]},{\"@type\":\"ImageObject\",\"inLanguage\":\"fr-FR\",\"@id\":\"https:\/\/www.natae-agroecology.eu\/natae-at-the-heart-of-the-6th-desertifaction\/#primaryimage\",\"url\":\"https:\/\/www.natae-agroecology.eu\/wp-content\/uploads\/2026\/04\/Desertifaction_6-scaled.webp\",\"contentUrl\":\"https:\/\/www.natae-agroecology.eu\/wp-content\/uploads\/2026\/04\/Desertifaction_6-scaled.webp\",\"width\":2560,\"height\":1707},{\"@type\":\"BreadcrumbList\",\"@id\":\"https:\/\/www.natae-agroecology.eu\/natae-at-the-heart-of-the-6th-desertifaction\/#breadcrumb\",\"itemListElement\":[{\"@type\":\"ListItem\",\"position\":1,\"name\":\"Home\",\"item\":\"https:\/\/www.natae-agroecology.eu\/\"},{\"@type\":\"ListItem\",\"position\":2,\"name\":\"NATAE at the Heart of the 6th Desertif\u2019action\"}]},{\"@type\":\"WebSite\",\"@id\":\"https:\/\/www.natae-agroecology.eu\/#website\",\"url\":\"https:\/\/www.natae-agroecology.eu\/\",\"name\":\"NATAE\",\"description\":\"North African Transition to AgroEcology\",\"publisher\":{\"@id\":\"https:\/\/www.natae-agroecology.eu\/#organization\"},\"potentialAction\":[{\"@type\":\"SearchAction\",\"target\":{\"@type\":\"EntryPoint\",\"urlTemplate\":\"https:\/\/www.natae-agroecology.eu\/?s={search_term_string}\"},\"query-input\":{\"@type\":\"PropertyValueSpecification\",\"valueRequired\":true,\"valueName\":\"search_term_string\"}}],\"inLanguage\":\"fr-FR\"},{\"@type\":\"Organization\",\"@id\":\"https:\/\/www.natae-agroecology.eu\/#organization\",\"name\":\"NATAE\",\"url\":\"https:\/\/www.natae-agroecology.eu\/\",\"logo\":{\"@type\":\"ImageObject\",\"inLanguage\":\"fr-FR\",\"@id\":\"https:\/\/www.natae-agroecology.eu\/#\/schema\/logo\/image\/\",\"url\":\"https:\/\/www.natae-agroecology.eu\/wp-content\/uploads\/2023\/10\/logo-simple.png\",\"contentUrl\":\"https:\/\/www.natae-agroecology.eu\/wp-content\/uploads\/2023\/10\/logo-simple.png\",\"width\":1000,\"height\":544,\"caption\":\"NATAE\"},\"image\":{\"@id\":\"https:\/\/www.natae-agroecology.eu\/#\/schema\/logo\/image\/\"},\"sameAs\":[\"https:\/\/www.facebook.com\/people\/NATAE-Agroecology\/100091167530196\/\",\"https:\/\/x.com\/natae_HE\",\"https:\/\/www.linkedin.com\/company\/nataeagroecology\/\"]},{\"@type\":\"Person\",\"@id\":\"https:\/\/www.natae-agroecology.eu\/#\/schema\/person\/5f06c196f9f322e65a18521f8a456764\",\"name\":\"natae_admin\",\"image\":{\"@type\":\"ImageObject\",\"inLanguage\":\"fr-FR\",\"@id\":\"https:\/\/www.natae-agroecology.eu\/#\/schema\/person\/image\/\",\"url\":\"https:\/\/secure.gravatar.com\/avatar\/cbcfbb7ddb421271406bf5347525e82db73805351e7bebb667a24cac78469d6f?s=96&d=mm&r=g\",\"contentUrl\":\"https:\/\/secure.gravatar.com\/avatar\/cbcfbb7ddb421271406bf5347525e82db73805351e7bebb667a24cac78469d6f?s=96&d=mm&r=g\",\"caption\":\"natae_admin\"},\"sameAs\":[\"https:\/\/www.natae-agroecology.eu\"],\"url\":\"https:\/\/www.natae-agroecology.eu\/fr\/author\/natae_admin\/\"}]}<\/script>\n<!-- \/ Yoast SEO plugin. -->","yoast_head_json":{"title":"NATAE au c\u0153ur de la 6\u00e8me D\u00e9sertif'action - Natae","robots":{"index":"index","follow":"follow","max-snippet":"max-snippet:-1","max-image-preview":"max-image-preview:large","max-video-preview":"max-video-preview:-1"},"canonical":"https:\/\/www.natae-agroecology.eu\/fr\/natae-au-coeur-de-la-6eme-desertifaction\/","og_locale":"fr_FR","og_type":"article","og_title":"NATAE at the Heart of the 6th Desertif\u2019action - Natae","og_description":"NATAE in the heart of the 6th edition of the Desertif\u2019action (March 25-28th, 2026) in Djerba The sixth summit on desertif\u2019action took place from March 25 to 28, 2026 in [&hellip;]","og_url":"https:\/\/www.natae-agroecology.eu\/fr\/natae-au-coeur-de-la-6eme-desertifaction\/","og_site_name":"Natae","article_publisher":"https:\/\/www.facebook.com\/people\/NATAE-Agroecology\/100091167530196\/","article_published_time":"2026-04-29T11:41:38+00:00","article_modified_time":"2026-04-29T15:11:19+00:00","og_image":[{"width":2560,"height":1707,"url":"https:\/\/www.natae-agroecology.eu\/wp-content\/uploads\/2026\/04\/Desertifaction_6-scaled.webp","type":"image\/webp"}],"author":"natae_admin","twitter_card":"summary_large_image","twitter_creator":"@natae_HE","twitter_site":"@natae_HE","twitter_misc":{"\u00c9crit par":"natae_admin","Dur\u00e9e de lecture estim\u00e9e":"3 minutes"},"schema":{"@context":"https:\/\/schema.org","@graph":[{"@type":"Article","@id":"https:\/\/www.natae-agroecology.eu\/natae-at-the-heart-of-the-6th-desertifaction\/#article","isPartOf":{"@id":"https:\/\/www.natae-agroecology.eu\/natae-at-the-heart-of-the-6th-desertifaction\/"},"author":{"name":"natae_admin","@id":"https:\/\/www.natae-agroecology.eu\/#\/schema\/person\/5f06c196f9f322e65a18521f8a456764"},"headline":"NATAE at the Heart of the 6th Desertif\u2019action","datePublished":"2026-04-29T11:41:38+00:00","dateModified":"2026-04-29T15:11:19+00:00","mainEntityOfPage":{"@id":"https:\/\/www.natae-agroecology.eu\/natae-at-the-heart-of-the-6th-desertifaction\/"},"wordCount":185,"commentCount":0,"publisher":{"@id":"https:\/\/www.natae-agroecology.eu\/#organization"},"image":{"@id":"https:\/\/www.natae-agroecology.eu\/natae-at-the-heart-of-the-6th-desertifaction\/#primaryimage"},"thumbnailUrl":"https:\/\/www.natae-agroecology.eu\/wp-content\/uploads\/2026\/04\/Desertifaction_6-scaled.webp","articleSection":["News"],"inLanguage":"fr-FR","potentialAction":[{"@type":"CommentAction","name":"Comment","target":["https:\/\/www.natae-agroecology.eu\/natae-at-the-heart-of-the-6th-desertifaction\/#respond"]}]},{"@type":"WebPage","@id":"https:\/\/www.natae-agroecology.eu\/natae-at-the-heart-of-the-6th-desertifaction\/","url":"https:\/\/www.natae-agroecology.eu\/natae-at-the-heart-of-the-6th-desertifaction\/","name":"NATAE au c\u0153ur de la 6\u00e8me D\u00e9sertif'action - Natae","isPartOf":{"@id":"https:\/\/www.natae-agroecology.eu\/#website"},"primaryImageOfPage":{"@id":"https:\/\/www.natae-agroecology.eu\/natae-at-the-heart-of-the-6th-desertifaction\/#primaryimage"},"image":{"@id":"https:\/\/www.natae-agroecology.eu\/natae-at-the-heart-of-the-6th-desertifaction\/#primaryimage"},"thumbnailUrl":"https:\/\/www.natae-agroecology.eu\/wp-content\/uploads\/2026\/04\/Desertifaction_6-scaled.webp","datePublished":"2026-04-29T11:41:38+00:00","dateModified":"2026-04-29T15:11:19+00:00","breadcrumb":{"@id":"https:\/\/www.natae-agroecology.eu\/natae-at-the-heart-of-the-6th-desertifaction\/#breadcrumb"},"inLanguage":"fr-FR","potentialAction":[{"@type":"ReadAction","target":["https:\/\/www.natae-agroecology.eu\/natae-at-the-heart-of-the-6th-desertifaction\/"]}]},{"@type":"ImageObject","inLanguage":"fr-FR","@id":"https:\/\/www.natae-agroecology.eu\/natae-at-the-heart-of-the-6th-desertifaction\/#primaryimage","url":"https:\/\/www.natae-agroecology.eu\/wp-content\/uploads\/2026\/04\/Desertifaction_6-scaled.webp","contentUrl":"https:\/\/www.natae-agroecology.eu\/wp-content\/uploads\/2026\/04\/Desertifaction_6-scaled.webp","width":2560,"height":1707},{"@type":"BreadcrumbList","@id":"https:\/\/www.natae-agroecology.eu\/natae-at-the-heart-of-the-6th-desertifaction\/#breadcrumb","itemListElement":[{"@type":"ListItem","position":1,"name":"Home","item":"https:\/\/www.natae-agroecology.eu\/"},{"@type":"ListItem","position":2,"name":"NATAE at the Heart of the 6th Desertif\u2019action"}]},{"@type":"WebSite","@id":"https:\/\/www.natae-agroecology.eu\/#website","url":"https:\/\/www.natae-agroecology.eu\/","name":"NATAE","description":"Transition de l'Afrique du Nord vers l'agro\u00e9cologie","publisher":{"@id":"https:\/\/www.natae-agroecology.eu\/#organization"},"potentialAction":[{"@type":"SearchAction","target":{"@type":"EntryPoint","urlTemplate":"https:\/\/www.natae-agroecology.eu\/?s={search_term_string}"},"query-input":{"@type":"PropertyValueSpecification","valueRequired":true,"valueName":"search_term_string"}}],"inLanguage":"fr-FR"},{"@type":"Organization","@id":"https:\/\/www.natae-agroecology.eu\/#organization","name":"NATAE","url":"https:\/\/www.natae-agroecology.eu\/","logo":{"@type":"ImageObject","inLanguage":"fr-FR","@id":"https:\/\/www.natae-agroecology.eu\/#\/schema\/logo\/image\/","url":"https:\/\/www.natae-agroecology.eu\/wp-content\/uploads\/2023\/10\/logo-simple.png","contentUrl":"https:\/\/www.natae-agroecology.eu\/wp-content\/uploads\/2023\/10\/logo-simple.png","width":1000,"height":544,"caption":"NATAE"},"image":{"@id":"https:\/\/www.natae-agroecology.eu\/#\/schema\/logo\/image\/"},"sameAs":["https:\/\/www.facebook.com\/people\/NATAE-Agroecology\/100091167530196\/","https:\/\/x.com\/natae_HE","https:\/\/www.linkedin.com\/company\/nataeagroecology\/"]},{"@type":"Person","@id":"https:\/\/www.natae-agroecology.eu\/#\/schema\/person\/5f06c196f9f322e65a18521f8a456764","name":"natae_admin","image":{"@type":"ImageObject","inLanguage":"fr-FR","@id":"https:\/\/www.natae-agroecology.eu\/#\/schema\/person\/image\/","url":"https:\/\/secure.gravatar.com\/avatar\/cbcfbb7ddb421271406bf5347525e82db73805351e7bebb667a24cac78469d6f?s=96&d=mm&r=g","contentUrl":"https:\/\/secure.gravatar.com\/avatar\/cbcfbb7ddb421271406bf5347525e82db73805351e7bebb667a24cac78469d6f?s=96&d=mm&r=g","caption":"natae_admin"},"sameAs":["https:\/\/www.natae-agroecology.eu"],"url":"https:\/\/www.natae-agroecology.eu\/fr\/author\/natae_admin\/"}]}},"_links":{"self":[{"href":"https:\/\/www.natae-agroecology.eu\/fr\/wp-json\/wp\/v2\/posts\/7436","targetHints":{"allow":["GET"]}}],"collection":[{"href":"https:\/\/www.natae-agroecology.eu\/fr\/wp-json\/wp\/v2\/posts"}],"about":[{"href":"https:\/\/www.natae-agroecology.eu\/fr\/wp-json\/wp\/v2\/types\/post"}],"author":[{"embeddable":true,"href":"https:\/\/www.natae-agroecology.eu\/fr\/wp-json\/wp\/v2\/users\/1"}],"replies":[{"embeddable":true,"href":"https:\/\/www.natae-agroecology.eu\/fr\/wp-json\/wp\/v2\/comments?post=7436"}],"version-history":[{"count":13,"href":"https:\/\/www.natae-agroecology.eu\/fr\/wp-json\/wp\/v2\/posts\/7436\/revisions"}],"predecessor-version":[{"id":7481,"href":"https:\/\/www.natae-agroecology.eu\/fr\/wp-json\/wp\/v2\/posts\/7436\/revisions\/7481"}],"wp:featuredmedia":[{"embeddable":true,"href":"https:\/\/www.natae-agroecology.eu\/fr\/wp-json\/wp\/v2\/media\/7441"}],"wp:attachment":[{"href":"https:\/\/www.natae-agroecology.eu\/fr\/wp-json\/wp\/v2\/media?parent=7436"}],"wp:term":[{"taxonomy":"category","embeddable":true,"href":"https:\/\/www.natae-agroecology.eu\/fr\/wp-json\/wp\/v2\/categories?post=7436"},{"taxonomy":"post_tag","embeddable":true,"href":"https:\/\/www.natae-agroecology.eu\/fr\/wp-json\/wp\/v2\/tags?post=7436"}],"curies":[{"name":"wp","href":"https:\/\/api.w.org\/{rel}","templated":true}]}}