{"id":7460,"date":"2026-04-29T15:08:52","date_gmt":"2026-04-29T15:08:52","guid":{"rendered":"https:\/\/www.natae-agroecology.eu\/?p=7460"},"modified":"2026-04-29T15:12:38","modified_gmt":"2026-04-29T15:12:38","slug":"natae-au-festival-dagroecologie-de-zarzis-2026","status":"publish","type":"post","link":"https:\/\/www.natae-agroecology.eu\/fr\/natae-at-zarzis-agroecology-festival-2026\/","title":{"rendered":"NATAE au festival d'agro\u00e9cologie de Zarzis 2026"},"content":{"rendered":"<div data-elementor-type=\"wp-post\" data-elementor-id=\"7460\" class=\"elementor elementor-7460\">\n\t\t\t\t<div class=\"elementor-element elementor-element-6881cf7 e-flex e-con-boxed e-con e-parent\" data-id=\"6881cf7\" data-element_type=\"container\" data-settings=\"{&quot;jet_parallax_layout_list&quot;:[]}\">\n\t\t\t\t\t<div class=\"e-con-inner\">\n\t\t\t\t<div class=\"elementor-element elementor-element-ad861fe elementor-widget elementor-widget-heading\" data-id=\"ad861fe\" data-element_type=\"widget\" data-widget_type=\"heading.default\">\n\t\t\t\t<div class=\"elementor-widget-container\">\n\t\t\t\t\t<h3 class=\"elementor-heading-title elementor-size-default\">Participation de NATAE au festival de l'agro\u00e9cologie \u00e0 la ferme \u201cEl Rochen\u201d (29-31 mars 2026) \u00e0 Zarzis<\/h3>\t\t\t\t<\/div>\n\t\t\t\t<\/div>\n\t\t\t\t\t<\/div>\n\t\t\t\t<\/div>\n\t\t<div class=\"elementor-element elementor-element-3b3a0ab7 e-flex e-con-boxed e-con e-parent\" data-id=\"3b3a0ab7\" data-element_type=\"container\" data-settings=\"{&quot;jet_parallax_layout_list&quot;:[]}\">\n\t\t\t\t\t<div class=\"e-con-inner\">\n\t\t\t\t<div class=\"elementor-element elementor-element-8516d7 elementor-widget elementor-widget-text-editor\" data-id=\"8516d7\" data-element_type=\"widget\" data-widget_type=\"text-editor.default\">\n\t\t\t\t<div class=\"elementor-widget-container\">\n\t\t\t\t\t\t\t\t\t<p>El Rochen (Zarzis, sud-est de la Tunisie) est une ferme agro\u00e9cologique d\u00e9di\u00e9e \u00e0 l'exp\u00e9rimentation et au transfert de connaissances pour soutenir la transition agro\u00e9cologique en Tunisie. En collaboration avec l'\u00e9co-ferme OMI HNIA, situ\u00e9e \u00e0 Cap Negro (Nord de la Tunisie), El Rochen a co-organis\u00e9 la deuxi\u00e8me \u00e9dition du festival d'agro\u00e9cologie de Zarzis.<\/p><p>Organis\u00e9 du 29 au 31 mars 2026, le festival a rassembl\u00e9 des agriculteurs, des patineurs, des citoyens, des d\u00e9tenteurs de savoirs traditionnels, des chercheurs et des associations de France, du Liban, du Maroc, de Palestine, du S\u00e9n\u00e9gal et de Tunisie. Ils ont discut\u00e9, partag\u00e9 et \u00e9chang\u00e9 des connaissances et des exp\u00e9riences sur l'agro\u00e9cologie.<\/p><p>Dans ce contexte, le projet NATAE a particip\u00e9 par un stand pendant les trois jours et une pr\u00e9sentation du projet pendant le deuxi\u00e8me jour.<\/p>\t\t\t\t\t\t\t\t<\/div>\n\t\t\t\t<\/div>\n\t\t\t\t\t<\/div>\n\t\t\t\t<\/div>\n\t\t<div class=\"elementor-element elementor-element-1af7e07 e-flex e-con-boxed e-con e-parent\" data-id=\"1af7e07\" data-element_type=\"container\" data-settings=\"{&quot;jet_parallax_layout_list&quot;:[]}\">\n\t\t\t\t\t<div class=\"e-con-inner\">\n\t\t\t\t<div class=\"elementor-element elementor-element-1d2722d gallery-spacing-custom elementor-widget elementor-widget-image-gallery\" data-id=\"1d2722d\" data-element_type=\"widget\" data-widget_type=\"image-gallery.default\">\n\t\t\t\t<div class=\"elementor-widget-container\">\n\t\t\t\t\t\t\t<div class=\"elementor-image-gallery\">\n\t\t\t<div class=\"row gallery galleryid-7460 gallery-columns-3 gallery-size-full\" data-uk-grid-margin=\"\"><figure class=\"gallery-item\"><div class=\"gallery-icon landscape\"><a data-elementor-open-lightbox=\"yes\" data-elementor-lightbox-slideshow=\"1d2722d\" data-elementor-lightbox-title=\"Festival_of agroecology_10\" data-e-action-hash=\"#elementor-action%3Aaction%3Dlightbox%26settings%3DeyJpZCI6NzQ3MSwidXJsIjoiaHR0cHM6XC9cL3d3dy5uYXRhZS1hZ3JvZWNvbG9neS5ldVwvd3AtY29udGVudFwvdXBsb2Fkc1wvMjAyNlwvMDRcL0Zlc3RpdmFsX29mLWFncm9lY29sb2d5XzEwLXNjYWxlZC53ZWJwIiwic2xpZGVzaG93IjoiMWQyNzIyZCJ9\" href='https:\/\/www.natae-agroecology.eu\/wp-content\/uploads\/2026\/04\/Festival_of-agroecology_10-scaled.webp'><img fetchpriority=\"high\" width=\"2560\" height=\"1707\" src=\"https:\/\/www.natae-agroecology.eu\/wp-content\/uploads\/2026\/04\/Festival_of-agroecology_10-scaled.webp\" class=\"attachment-full size-full\" alt=\"\" decoding=\"async\" srcset=\"https:\/\/www.natae-agroecology.eu\/wp-content\/uploads\/2026\/04\/Festival_of-agroecology_10-scaled.webp 2560w, https:\/\/www.natae-agroecology.eu\/wp-content\/uploads\/2026\/04\/Festival_of-agroecology_10-300x200.webp 300w, https:\/\/www.natae-agroecology.eu\/wp-content\/uploads\/2026\/04\/Festival_of-agroecology_10-1024x683.webp 1024w, https:\/\/www.natae-agroecology.eu\/wp-content\/uploads\/2026\/04\/Festival_of-agroecology_10-768x512.webp 768w, https:\/\/www.natae-agroecology.eu\/wp-content\/uploads\/2026\/04\/Festival_of-agroecology_10-1536x1024.webp 1536w, https:\/\/www.natae-agroecology.eu\/wp-content\/uploads\/2026\/04\/Festival_of-agroecology_10-2048x1365.webp 2048w, https:\/\/www.natae-agroecology.eu\/wp-content\/uploads\/2026\/04\/Festival_of-agroecology_10-18x12.webp 18w\" sizes=\"(max-width: 2560px) 100vw, 2560px\" \/><\/a><\/div><\/figure><figure class=\"gallery-item\"><div class=\"gallery-icon landscape\"><a data-elementor-open-lightbox=\"yes\" data-elementor-lightbox-slideshow=\"1d2722d\" data-elementor-lightbox-title=\"Festival_of agroecology_9\" data-e-action-hash=\"#elementor-action%3Aaction%3Dlightbox%26settings%3DeyJpZCI6NzQ3MCwidXJsIjoiaHR0cHM6XC9cL3d3dy5uYXRhZS1hZ3JvZWNvbG9neS5ldVwvd3AtY29udGVudFwvdXBsb2Fkc1wvMjAyNlwvMDRcL0Zlc3RpdmFsX29mLWFncm9lY29sb2d5Xzktc2NhbGVkLndlYnAiLCJzbGlkZXNob3ciOiIxZDI3MjJkIn0%3D\" href='https:\/\/www.natae-agroecology.eu\/wp-content\/uploads\/2026\/04\/Festival_of-agroecology_9-scaled.webp'><img width=\"2560\" height=\"1707\" src=\"https:\/\/www.natae-agroecology.eu\/wp-content\/uploads\/2026\/04\/Festival_of-agroecology_9-scaled.webp\" class=\"attachment-full size-full\" alt=\"\" decoding=\"async\" srcset=\"https:\/\/www.natae-agroecology.eu\/wp-content\/uploads\/2026\/04\/Festival_of-agroecology_9-scaled.webp 2560w, https:\/\/www.natae-agroecology.eu\/wp-content\/uploads\/2026\/04\/Festival_of-agroecology_9-300x200.webp 300w, https:\/\/www.natae-agroecology.eu\/wp-content\/uploads\/2026\/04\/Festival_of-agroecology_9-1024x683.webp 1024w, https:\/\/www.natae-agroecology.eu\/wp-content\/uploads\/2026\/04\/Festival_of-agroecology_9-768x512.webp 768w, https:\/\/www.natae-agroecology.eu\/wp-content\/uploads\/2026\/04\/Festival_of-agroecology_9-1536x1024.webp 1536w, https:\/\/www.natae-agroecology.eu\/wp-content\/uploads\/2026\/04\/Festival_of-agroecology_9-2048x1365.webp 2048w, https:\/\/www.natae-agroecology.eu\/wp-content\/uploads\/2026\/04\/Festival_of-agroecology_9-18x12.webp 18w\" sizes=\"(max-width: 2560px) 100vw, 2560px\" \/><\/a><\/div><\/figure><figure class=\"gallery-item\"><div class=\"gallery-icon landscape\"><a data-elementor-open-lightbox=\"yes\" data-elementor-lightbox-slideshow=\"1d2722d\" data-elementor-lightbox-title=\"Festival_of agroecology_8\" data-e-action-hash=\"#elementor-action%3Aaction%3Dlightbox%26settings%3DeyJpZCI6NzQ2OSwidXJsIjoiaHR0cHM6XC9cL3d3dy5uYXRhZS1hZ3JvZWNvbG9neS5ldVwvd3AtY29udGVudFwvdXBsb2Fkc1wvMjAyNlwvMDRcL0Zlc3RpdmFsX29mLWFncm9lY29sb2d5Xzgtc2NhbGVkLndlYnAiLCJzbGlkZXNob3ciOiIxZDI3MjJkIn0%3D\" href='https:\/\/www.natae-agroecology.eu\/wp-content\/uploads\/2026\/04\/Festival_of-agroecology_8-scaled.webp'><img width=\"2560\" height=\"1707\" src=\"https:\/\/www.natae-agroecology.eu\/wp-content\/uploads\/2026\/04\/Festival_of-agroecology_8-scaled.webp\" class=\"attachment-full size-full\" alt=\"\" decoding=\"async\" srcset=\"https:\/\/www.natae-agroecology.eu\/wp-content\/uploads\/2026\/04\/Festival_of-agroecology_8-scaled.webp 2560w, https:\/\/www.natae-agroecology.eu\/wp-content\/uploads\/2026\/04\/Festival_of-agroecology_8-300x200.webp 300w, https:\/\/www.natae-agroecology.eu\/wp-content\/uploads\/2026\/04\/Festival_of-agroecology_8-1024x683.webp 1024w, https:\/\/www.natae-agroecology.eu\/wp-content\/uploads\/2026\/04\/Festival_of-agroecology_8-768x512.webp 768w, https:\/\/www.natae-agroecology.eu\/wp-content\/uploads\/2026\/04\/Festival_of-agroecology_8-1536x1024.webp 1536w, https:\/\/www.natae-agroecology.eu\/wp-content\/uploads\/2026\/04\/Festival_of-agroecology_8-2048x1365.webp 2048w, https:\/\/www.natae-agroecology.eu\/wp-content\/uploads\/2026\/04\/Festival_of-agroecology_8-18x12.webp 18w\" sizes=\"(max-width: 2560px) 100vw, 2560px\" \/><\/a><\/div><\/figure><figure class=\"gallery-item\"><div class=\"gallery-icon landscape\"><a data-elementor-open-lightbox=\"yes\" data-elementor-lightbox-slideshow=\"1d2722d\" data-elementor-lightbox-title=\"Festival_of agroecology_6\" data-e-action-hash=\"#elementor-action%3Aaction%3Dlightbox%26settings%3DeyJpZCI6NzQ2NywidXJsIjoiaHR0cHM6XC9cL3d3dy5uYXRhZS1hZ3JvZWNvbG9neS5ldVwvd3AtY29udGVudFwvdXBsb2Fkc1wvMjAyNlwvMDRcL0Zlc3RpdmFsX29mLWFncm9lY29sb2d5XzYtc2NhbGVkLndlYnAiLCJzbGlkZXNob3ciOiIxZDI3MjJkIn0%3D\" href='https:\/\/www.natae-agroecology.eu\/wp-content\/uploads\/2026\/04\/Festival_of-agroecology_6-scaled.webp'><img loading=\"lazy\" width=\"2560\" height=\"1707\" src=\"https:\/\/www.natae-agroecology.eu\/wp-content\/uploads\/2026\/04\/Festival_of-agroecology_6-scaled.webp\" class=\"attachment-full size-full\" alt=\"\" decoding=\"async\" srcset=\"https:\/\/www.natae-agroecology.eu\/wp-content\/uploads\/2026\/04\/Festival_of-agroecology_6-scaled.webp 2560w, https:\/\/www.natae-agroecology.eu\/wp-content\/uploads\/2026\/04\/Festival_of-agroecology_6-300x200.webp 300w, https:\/\/www.natae-agroecology.eu\/wp-content\/uploads\/2026\/04\/Festival_of-agroecology_6-1024x683.webp 1024w, https:\/\/www.natae-agroecology.eu\/wp-content\/uploads\/2026\/04\/Festival_of-agroecology_6-768x512.webp 768w, https:\/\/www.natae-agroecology.eu\/wp-content\/uploads\/2026\/04\/Festival_of-agroecology_6-1536x1024.webp 1536w, https:\/\/www.natae-agroecology.eu\/wp-content\/uploads\/2026\/04\/Festival_of-agroecology_6-2048x1365.webp 2048w, https:\/\/www.natae-agroecology.eu\/wp-content\/uploads\/2026\/04\/Festival_of-agroecology_6-18x12.webp 18w\" sizes=\"(max-width: 2560px) 100vw, 2560px\" \/><\/a><\/div><\/figure><figure class=\"gallery-item\"><div class=\"gallery-icon landscape\"><a data-elementor-open-lightbox=\"yes\" data-elementor-lightbox-slideshow=\"1d2722d\" data-elementor-lightbox-title=\"Festival_of agroecology_5\" data-e-action-hash=\"#elementor-action%3Aaction%3Dlightbox%26settings%3DeyJpZCI6NzQ2NiwidXJsIjoiaHR0cHM6XC9cL3d3dy5uYXRhZS1hZ3JvZWNvbG9neS5ldVwvd3AtY29udGVudFwvdXBsb2Fkc1wvMjAyNlwvMDRcL0Zlc3RpdmFsX29mLWFncm9lY29sb2d5XzUtc2NhbGVkLndlYnAiLCJzbGlkZXNob3ciOiIxZDI3MjJkIn0%3D\" href='https:\/\/www.natae-agroecology.eu\/wp-content\/uploads\/2026\/04\/Festival_of-agroecology_5-scaled.webp'><img loading=\"lazy\" width=\"2560\" height=\"1707\" src=\"https:\/\/www.natae-agroecology.eu\/wp-content\/uploads\/2026\/04\/Festival_of-agroecology_5-scaled.webp\" class=\"attachment-full size-full\" alt=\"\" decoding=\"async\" srcset=\"https:\/\/www.natae-agroecology.eu\/wp-content\/uploads\/2026\/04\/Festival_of-agroecology_5-scaled.webp 2560w, https:\/\/www.natae-agroecology.eu\/wp-content\/uploads\/2026\/04\/Festival_of-agroecology_5-300x200.webp 300w, https:\/\/www.natae-agroecology.eu\/wp-content\/uploads\/2026\/04\/Festival_of-agroecology_5-1024x683.webp 1024w, https:\/\/www.natae-agroecology.eu\/wp-content\/uploads\/2026\/04\/Festival_of-agroecology_5-768x512.webp 768w, https:\/\/www.natae-agroecology.eu\/wp-content\/uploads\/2026\/04\/Festival_of-agroecology_5-1536x1024.webp 1536w, https:\/\/www.natae-agroecology.eu\/wp-content\/uploads\/2026\/04\/Festival_of-agroecology_5-2048x1365.webp 2048w, https:\/\/www.natae-agroecology.eu\/wp-content\/uploads\/2026\/04\/Festival_of-agroecology_5-18x12.webp 18w\" sizes=\"(max-width: 2560px) 100vw, 2560px\" \/><\/a><\/div><\/figure><figure class=\"gallery-item\"><div class=\"gallery-icon landscape\"><a data-elementor-open-lightbox=\"yes\" data-elementor-lightbox-slideshow=\"1d2722d\" data-elementor-lightbox-title=\"Festival_of agroecology_4\" data-e-action-hash=\"#elementor-action%3Aaction%3Dlightbox%26settings%3DeyJpZCI6NzQ2NSwidXJsIjoiaHR0cHM6XC9cL3d3dy5uYXRhZS1hZ3JvZWNvbG9neS5ldVwvd3AtY29udGVudFwvdXBsb2Fkc1wvMjAyNlwvMDRcL0Zlc3RpdmFsX29mLWFncm9lY29sb2d5XzQtc2NhbGVkLndlYnAiLCJzbGlkZXNob3ciOiIxZDI3MjJkIn0%3D\" href='https:\/\/www.natae-agroecology.eu\/wp-content\/uploads\/2026\/04\/Festival_of-agroecology_4-scaled.webp'><img loading=\"lazy\" width=\"2560\" height=\"1707\" src=\"https:\/\/www.natae-agroecology.eu\/wp-content\/uploads\/2026\/04\/Festival_of-agroecology_4-scaled.webp\" class=\"attachment-full size-full\" alt=\"\" decoding=\"async\" srcset=\"https:\/\/www.natae-agroecology.eu\/wp-content\/uploads\/2026\/04\/Festival_of-agroecology_4-scaled.webp 2560w, https:\/\/www.natae-agroecology.eu\/wp-content\/uploads\/2026\/04\/Festival_of-agroecology_4-300x200.webp 300w, https:\/\/www.natae-agroecology.eu\/wp-content\/uploads\/2026\/04\/Festival_of-agroecology_4-1024x683.webp 1024w, https:\/\/www.natae-agroecology.eu\/wp-content\/uploads\/2026\/04\/Festival_of-agroecology_4-768x512.webp 768w, https:\/\/www.natae-agroecology.eu\/wp-content\/uploads\/2026\/04\/Festival_of-agroecology_4-1536x1024.webp 1536w, https:\/\/www.natae-agroecology.eu\/wp-content\/uploads\/2026\/04\/Festival_of-agroecology_4-2048x1365.webp 2048w, https:\/\/www.natae-agroecology.eu\/wp-content\/uploads\/2026\/04\/Festival_of-agroecology_4-18x12.webp 18w\" sizes=\"(max-width: 2560px) 100vw, 2560px\" \/><\/a><\/div><\/figure><figure class=\"gallery-item\"><div class=\"gallery-icon landscape\"><a data-elementor-open-lightbox=\"yes\" data-elementor-lightbox-slideshow=\"1d2722d\" data-elementor-lightbox-title=\"Festival_of agroecology_3\" data-e-action-hash=\"#elementor-action%3Aaction%3Dlightbox%26settings%3DeyJpZCI6NzQ2NCwidXJsIjoiaHR0cHM6XC9cL3d3dy5uYXRhZS1hZ3JvZWNvbG9neS5ldVwvd3AtY29udGVudFwvdXBsb2Fkc1wvMjAyNlwvMDRcL0Zlc3RpdmFsX29mLWFncm9lY29sb2d5XzMtc2NhbGVkLndlYnAiLCJzbGlkZXNob3ciOiIxZDI3MjJkIn0%3D\" href='https:\/\/www.natae-agroecology.eu\/wp-content\/uploads\/2026\/04\/Festival_of-agroecology_3-scaled.webp'><img loading=\"lazy\" width=\"2560\" height=\"1707\" src=\"https:\/\/www.natae-agroecology.eu\/wp-content\/uploads\/2026\/04\/Festival_of-agroecology_3-scaled.webp\" class=\"attachment-full size-full\" alt=\"\" decoding=\"async\" srcset=\"https:\/\/www.natae-agroecology.eu\/wp-content\/uploads\/2026\/04\/Festival_of-agroecology_3-scaled.webp 2560w, https:\/\/www.natae-agroecology.eu\/wp-content\/uploads\/2026\/04\/Festival_of-agroecology_3-300x200.webp 300w, https:\/\/www.natae-agroecology.eu\/wp-content\/uploads\/2026\/04\/Festival_of-agroecology_3-1024x683.webp 1024w, https:\/\/www.natae-agroecology.eu\/wp-content\/uploads\/2026\/04\/Festival_of-agroecology_3-768x512.webp 768w, https:\/\/www.natae-agroecology.eu\/wp-content\/uploads\/2026\/04\/Festival_of-agroecology_3-1536x1024.webp 1536w, https:\/\/www.natae-agroecology.eu\/wp-content\/uploads\/2026\/04\/Festival_of-agroecology_3-2048x1365.webp 2048w, https:\/\/www.natae-agroecology.eu\/wp-content\/uploads\/2026\/04\/Festival_of-agroecology_3-18x12.webp 18w\" sizes=\"(max-width: 2560px) 100vw, 2560px\" \/><\/a><\/div><\/figure><figure class=\"gallery-item\"><div class=\"gallery-icon landscape\"><a data-elementor-open-lightbox=\"yes\" data-elementor-lightbox-slideshow=\"1d2722d\" data-elementor-lightbox-title=\"Festival_of agroecology_2\" data-e-action-hash=\"#elementor-action%3Aaction%3Dlightbox%26settings%3DeyJpZCI6NzQ2MywidXJsIjoiaHR0cHM6XC9cL3d3dy5uYXRhZS1hZ3JvZWNvbG9neS5ldVwvd3AtY29udGVudFwvdXBsb2Fkc1wvMjAyNlwvMDRcL0Zlc3RpdmFsX29mLWFncm9lY29sb2d5XzItc2NhbGVkLndlYnAiLCJzbGlkZXNob3ciOiIxZDI3MjJkIn0%3D\" href='https:\/\/www.natae-agroecology.eu\/wp-content\/uploads\/2026\/04\/Festival_of-agroecology_2-scaled.webp'><img loading=\"lazy\" width=\"2560\" height=\"1707\" src=\"https:\/\/www.natae-agroecology.eu\/wp-content\/uploads\/2026\/04\/Festival_of-agroecology_2-scaled.webp\" class=\"attachment-full size-full\" alt=\"\" decoding=\"async\" srcset=\"https:\/\/www.natae-agroecology.eu\/wp-content\/uploads\/2026\/04\/Festival_of-agroecology_2-scaled.webp 2560w, https:\/\/www.natae-agroecology.eu\/wp-content\/uploads\/2026\/04\/Festival_of-agroecology_2-300x200.webp 300w, https:\/\/www.natae-agroecology.eu\/wp-content\/uploads\/2026\/04\/Festival_of-agroecology_2-1024x683.webp 1024w, https:\/\/www.natae-agroecology.eu\/wp-content\/uploads\/2026\/04\/Festival_of-agroecology_2-768x512.webp 768w, https:\/\/www.natae-agroecology.eu\/wp-content\/uploads\/2026\/04\/Festival_of-agroecology_2-1536x1024.webp 1536w, https:\/\/www.natae-agroecology.eu\/wp-content\/uploads\/2026\/04\/Festival_of-agroecology_2-2048x1365.webp 2048w, https:\/\/www.natae-agroecology.eu\/wp-content\/uploads\/2026\/04\/Festival_of-agroecology_2-18x12.webp 18w\" sizes=\"(max-width: 2560px) 100vw, 2560px\" \/><\/a><\/div><\/figure><figure class=\"gallery-item\"><div class=\"gallery-icon landscape\"><a data-elementor-open-lightbox=\"yes\" data-elementor-lightbox-slideshow=\"1d2722d\" data-elementor-lightbox-title=\"Festival_of agroecology_1\" data-e-action-hash=\"#elementor-action%3Aaction%3Dlightbox%26settings%3DeyJpZCI6NzQ2MiwidXJsIjoiaHR0cHM6XC9cL3d3dy5uYXRhZS1hZ3JvZWNvbG9neS5ldVwvd3AtY29udGVudFwvdXBsb2Fkc1wvMjAyNlwvMDRcL0Zlc3RpdmFsX29mLWFncm9lY29sb2d5XzEtc2NhbGVkLndlYnAiLCJzbGlkZXNob3ciOiIxZDI3MjJkIn0%3D\" href='https:\/\/www.natae-agroecology.eu\/wp-content\/uploads\/2026\/04\/Festival_of-agroecology_1-scaled.webp'><img loading=\"lazy\" width=\"2560\" height=\"1707\" src=\"https:\/\/www.natae-agroecology.eu\/wp-content\/uploads\/2026\/04\/Festival_of-agroecology_1-scaled.webp\" class=\"attachment-full size-full\" alt=\"\" decoding=\"async\" srcset=\"https:\/\/www.natae-agroecology.eu\/wp-content\/uploads\/2026\/04\/Festival_of-agroecology_1-scaled.webp 2560w, https:\/\/www.natae-agroecology.eu\/wp-content\/uploads\/2026\/04\/Festival_of-agroecology_1-300x200.webp 300w, https:\/\/www.natae-agroecology.eu\/wp-content\/uploads\/2026\/04\/Festival_of-agroecology_1-1024x683.webp 1024w, https:\/\/www.natae-agroecology.eu\/wp-content\/uploads\/2026\/04\/Festival_of-agroecology_1-768x512.webp 768w, https:\/\/www.natae-agroecology.eu\/wp-content\/uploads\/2026\/04\/Festival_of-agroecology_1-1536x1024.webp 1536w, https:\/\/www.natae-agroecology.eu\/wp-content\/uploads\/2026\/04\/Festival_of-agroecology_1-2048x1365.webp 2048w, https:\/\/www.natae-agroecology.eu\/wp-content\/uploads\/2026\/04\/Festival_of-agroecology_1-18x12.webp 18w\" sizes=\"(max-width: 2560px) 100vw, 2560px\" \/><\/a><\/div><\/figure><\/div>\t\t<\/div>\n\t\t\t\t\t\t<\/div>\n\t\t\t\t<\/div>\n\t\t\t\t\t<\/div>\n\t\t\t\t<\/div>\n\t\t\t\t<\/div>","protected":false},"excerpt":{"rendered":"<p>NATAE participation in the Festival of agroecology at the \u201cEl Rochen\u201d Farm (March 29-31, 2026) in Zarzis El Rochen (Zarzis south east of Tunisia) is an agroecological farm dedicated to [&hellip;]<\/p>\n","protected":false},"author":1,"featured_media":7468,"comment_status":"open","ping_status":"open","sticky":false,"template":"","format":"standard","meta":{"_acf_changed":false,"inline_featured_image":false,"footnotes":""},"categories":[28],"tags":[],"class_list":["post-7460","post","type-post","status-publish","format-standard","has-post-thumbnail","hentry","category-news"],"acf":[],"yoast_head":"<!-- This site is optimized with the Yoast SEO plugin v26.8 - https:\/\/yoast.com\/product\/yoast-seo-wordpress\/ -->\n<title>NATAE at Zarzis Agroecology Festival 2026 - Natae<\/title>\n<meta name=\"robots\" content=\"index, follow, max-snippet:-1, max-image-preview:large, max-video-preview:-1\" \/>\n<link rel=\"canonical\" href=\"https:\/\/www.natae-agroecology.eu\/fr\/natae-au-festival-dagroecologie-de-zarzis-2026\/\" \/>\n<meta property=\"og:locale\" content=\"fr_FR\" \/>\n<meta property=\"og:type\" content=\"article\" \/>\n<meta property=\"og:title\" content=\"NATAE at Zarzis Agroecology Festival 2026 - Natae\" \/>\n<meta property=\"og:description\" content=\"NATAE participation in the Festival of agroecology at the \u201cEl Rochen\u201d Farm (March 29-31, 2026) in Zarzis El Rochen (Zarzis south east of Tunisia) is an agroecological farm dedicated to [&hellip;]\" \/>\n<meta property=\"og:url\" content=\"https:\/\/www.natae-agroecology.eu\/fr\/natae-au-festival-dagroecologie-de-zarzis-2026\/\" \/>\n<meta property=\"og:site_name\" content=\"Natae\" \/>\n<meta property=\"article:publisher\" content=\"https:\/\/www.facebook.com\/people\/NATAE-Agroecology\/100091167530196\/\" \/>\n<meta property=\"article:published_time\" content=\"2026-04-29T15:08:52+00:00\" \/>\n<meta property=\"article:modified_time\" content=\"2026-04-29T15:12:38+00:00\" \/>\n<meta property=\"og:image\" content=\"https:\/\/www.natae-agroecology.eu\/wp-content\/uploads\/2026\/04\/Festival_of-agroecology_7-scaled.webp\" \/>\n\t<meta property=\"og:image:width\" content=\"2560\" \/>\n\t<meta property=\"og:image:height\" content=\"1707\" \/>\n\t<meta property=\"og:image:type\" content=\"image\/webp\" \/>\n<meta name=\"author\" content=\"natae_admin\" \/>\n<meta name=\"twitter:card\" content=\"summary_large_image\" \/>\n<meta name=\"twitter:creator\" content=\"@natae_HE\" \/>\n<meta name=\"twitter:site\" content=\"@natae_HE\" \/>\n<meta name=\"twitter:label1\" content=\"\u00c9crit par\" \/>\n\t<meta name=\"twitter:data1\" content=\"natae_admin\" \/>\n\t<meta name=\"twitter:label2\" content=\"Dur\u00e9e de lecture estim\u00e9e\" \/>\n\t<meta name=\"twitter:data2\" content=\"3 minutes\" \/>\n<script type=\"application\/ld+json\" class=\"yoast-schema-graph\">{\"@context\":\"https:\/\/schema.org\",\"@graph\":[{\"@type\":\"Article\",\"@id\":\"https:\/\/www.natae-agroecology.eu\/natae-at-zarzis-agroecology-festival-2026\/#article\",\"isPartOf\":{\"@id\":\"https:\/\/www.natae-agroecology.eu\/natae-at-zarzis-agroecology-festival-2026\/\"},\"author\":{\"name\":\"natae_admin\",\"@id\":\"https:\/\/www.natae-agroecology.eu\/#\/schema\/person\/5f06c196f9f322e65a18521f8a456764\"},\"headline\":\"NATAE at Zarzis Agroecology Festival 2026\",\"datePublished\":\"2026-04-29T15:08:52+00:00\",\"dateModified\":\"2026-04-29T15:12:38+00:00\",\"mainEntityOfPage\":{\"@id\":\"https:\/\/www.natae-agroecology.eu\/natae-at-zarzis-agroecology-festival-2026\/\"},\"wordCount\":129,\"commentCount\":0,\"publisher\":{\"@id\":\"https:\/\/www.natae-agroecology.eu\/#organization\"},\"image\":{\"@id\":\"https:\/\/www.natae-agroecology.eu\/natae-at-zarzis-agroecology-festival-2026\/#primaryimage\"},\"thumbnailUrl\":\"https:\/\/www.natae-agroecology.eu\/wp-content\/uploads\/2026\/04\/Festival_of-agroecology_7-scaled.webp\",\"articleSection\":[\"News\"],\"inLanguage\":\"fr-FR\",\"potentialAction\":[{\"@type\":\"CommentAction\",\"name\":\"Comment\",\"target\":[\"https:\/\/www.natae-agroecology.eu\/natae-at-zarzis-agroecology-festival-2026\/#respond\"]}]},{\"@type\":\"WebPage\",\"@id\":\"https:\/\/www.natae-agroecology.eu\/natae-at-zarzis-agroecology-festival-2026\/\",\"url\":\"https:\/\/www.natae-agroecology.eu\/natae-at-zarzis-agroecology-festival-2026\/\",\"name\":\"NATAE at Zarzis Agroecology Festival 2026 - Natae\",\"isPartOf\":{\"@id\":\"https:\/\/www.natae-agroecology.eu\/#website\"},\"primaryImageOfPage\":{\"@id\":\"https:\/\/www.natae-agroecology.eu\/natae-at-zarzis-agroecology-festival-2026\/#primaryimage\"},\"image\":{\"@id\":\"https:\/\/www.natae-agroecology.eu\/natae-at-zarzis-agroecology-festival-2026\/#primaryimage\"},\"thumbnailUrl\":\"https:\/\/www.natae-agroecology.eu\/wp-content\/uploads\/2026\/04\/Festival_of-agroecology_7-scaled.webp\",\"datePublished\":\"2026-04-29T15:08:52+00:00\",\"dateModified\":\"2026-04-29T15:12:38+00:00\",\"breadcrumb\":{\"@id\":\"https:\/\/www.natae-agroecology.eu\/natae-at-zarzis-agroecology-festival-2026\/#breadcrumb\"},\"inLanguage\":\"fr-FR\",\"potentialAction\":[{\"@type\":\"ReadAction\",\"target\":[\"https:\/\/www.natae-agroecology.eu\/natae-at-zarzis-agroecology-festival-2026\/\"]}]},{\"@type\":\"ImageObject\",\"inLanguage\":\"fr-FR\",\"@id\":\"https:\/\/www.natae-agroecology.eu\/natae-at-zarzis-agroecology-festival-2026\/#primaryimage\",\"url\":\"https:\/\/www.natae-agroecology.eu\/wp-content\/uploads\/2026\/04\/Festival_of-agroecology_7-scaled.webp\",\"contentUrl\":\"https:\/\/www.natae-agroecology.eu\/wp-content\/uploads\/2026\/04\/Festival_of-agroecology_7-scaled.webp\",\"width\":2560,\"height\":1707},{\"@type\":\"BreadcrumbList\",\"@id\":\"https:\/\/www.natae-agroecology.eu\/natae-at-zarzis-agroecology-festival-2026\/#breadcrumb\",\"itemListElement\":[{\"@type\":\"ListItem\",\"position\":1,\"name\":\"Home\",\"item\":\"https:\/\/www.natae-agroecology.eu\/\"},{\"@type\":\"ListItem\",\"position\":2,\"name\":\"NATAE at Zarzis Agroecology Festival 2026\"}]},{\"@type\":\"WebSite\",\"@id\":\"https:\/\/www.natae-agroecology.eu\/#website\",\"url\":\"https:\/\/www.natae-agroecology.eu\/\",\"name\":\"NATAE\",\"description\":\"North African Transition to AgroEcology\",\"publisher\":{\"@id\":\"https:\/\/www.natae-agroecology.eu\/#organization\"},\"potentialAction\":[{\"@type\":\"SearchAction\",\"target\":{\"@type\":\"EntryPoint\",\"urlTemplate\":\"https:\/\/www.natae-agroecology.eu\/?s={search_term_string}\"},\"query-input\":{\"@type\":\"PropertyValueSpecification\",\"valueRequired\":true,\"valueName\":\"search_term_string\"}}],\"inLanguage\":\"fr-FR\"},{\"@type\":\"Organization\",\"@id\":\"https:\/\/www.natae-agroecology.eu\/#organization\",\"name\":\"NATAE\",\"url\":\"https:\/\/www.natae-agroecology.eu\/\",\"logo\":{\"@type\":\"ImageObject\",\"inLanguage\":\"fr-FR\",\"@id\":\"https:\/\/www.natae-agroecology.eu\/#\/schema\/logo\/image\/\",\"url\":\"https:\/\/www.natae-agroecology.eu\/wp-content\/uploads\/2023\/10\/logo-simple.png\",\"contentUrl\":\"https:\/\/www.natae-agroecology.eu\/wp-content\/uploads\/2023\/10\/logo-simple.png\",\"width\":1000,\"height\":544,\"caption\":\"NATAE\"},\"image\":{\"@id\":\"https:\/\/www.natae-agroecology.eu\/#\/schema\/logo\/image\/\"},\"sameAs\":[\"https:\/\/www.facebook.com\/people\/NATAE-Agroecology\/100091167530196\/\",\"https:\/\/x.com\/natae_HE\",\"https:\/\/www.linkedin.com\/company\/nataeagroecology\/\"]},{\"@type\":\"Person\",\"@id\":\"https:\/\/www.natae-agroecology.eu\/#\/schema\/person\/5f06c196f9f322e65a18521f8a456764\",\"name\":\"natae_admin\",\"image\":{\"@type\":\"ImageObject\",\"inLanguage\":\"fr-FR\",\"@id\":\"https:\/\/www.natae-agroecology.eu\/#\/schema\/person\/image\/\",\"url\":\"https:\/\/secure.gravatar.com\/avatar\/cbcfbb7ddb421271406bf5347525e82db73805351e7bebb667a24cac78469d6f?s=96&d=mm&r=g\",\"contentUrl\":\"https:\/\/secure.gravatar.com\/avatar\/cbcfbb7ddb421271406bf5347525e82db73805351e7bebb667a24cac78469d6f?s=96&d=mm&r=g\",\"caption\":\"natae_admin\"},\"sameAs\":[\"https:\/\/www.natae-agroecology.eu\"],\"url\":\"https:\/\/www.natae-agroecology.eu\/fr\/author\/natae_admin\/\"}]}<\/script>\n<!-- \/ Yoast SEO plugin. -->","yoast_head_json":{"title":"NATAE au festival d'agro\u00e9cologie de Zarzis 2026 - Natae","robots":{"index":"index","follow":"follow","max-snippet":"max-snippet:-1","max-image-preview":"max-image-preview:large","max-video-preview":"max-video-preview:-1"},"canonical":"https:\/\/www.natae-agroecology.eu\/fr\/natae-au-festival-dagroecologie-de-zarzis-2026\/","og_locale":"fr_FR","og_type":"article","og_title":"NATAE at Zarzis Agroecology Festival 2026 - Natae","og_description":"NATAE participation in the Festival of agroecology at the \u201cEl Rochen\u201d Farm (March 29-31, 2026) in Zarzis El Rochen (Zarzis south east of Tunisia) is an agroecological farm dedicated to [&hellip;]","og_url":"https:\/\/www.natae-agroecology.eu\/fr\/natae-au-festival-dagroecologie-de-zarzis-2026\/","og_site_name":"Natae","article_publisher":"https:\/\/www.facebook.com\/people\/NATAE-Agroecology\/100091167530196\/","article_published_time":"2026-04-29T15:08:52+00:00","article_modified_time":"2026-04-29T15:12:38+00:00","og_image":[{"width":2560,"height":1707,"url":"https:\/\/www.natae-agroecology.eu\/wp-content\/uploads\/2026\/04\/Festival_of-agroecology_7-scaled.webp","type":"image\/webp"}],"author":"natae_admin","twitter_card":"summary_large_image","twitter_creator":"@natae_HE","twitter_site":"@natae_HE","twitter_misc":{"\u00c9crit par":"natae_admin","Dur\u00e9e de lecture estim\u00e9e":"3 minutes"},"schema":{"@context":"https:\/\/schema.org","@graph":[{"@type":"Article","@id":"https:\/\/www.natae-agroecology.eu\/natae-at-zarzis-agroecology-festival-2026\/#article","isPartOf":{"@id":"https:\/\/www.natae-agroecology.eu\/natae-at-zarzis-agroecology-festival-2026\/"},"author":{"name":"natae_admin","@id":"https:\/\/www.natae-agroecology.eu\/#\/schema\/person\/5f06c196f9f322e65a18521f8a456764"},"headline":"NATAE at Zarzis Agroecology Festival 2026","datePublished":"2026-04-29T15:08:52+00:00","dateModified":"2026-04-29T15:12:38+00:00","mainEntityOfPage":{"@id":"https:\/\/www.natae-agroecology.eu\/natae-at-zarzis-agroecology-festival-2026\/"},"wordCount":129,"commentCount":0,"publisher":{"@id":"https:\/\/www.natae-agroecology.eu\/#organization"},"image":{"@id":"https:\/\/www.natae-agroecology.eu\/natae-at-zarzis-agroecology-festival-2026\/#primaryimage"},"thumbnailUrl":"https:\/\/www.natae-agroecology.eu\/wp-content\/uploads\/2026\/04\/Festival_of-agroecology_7-scaled.webp","articleSection":["News"],"inLanguage":"fr-FR","potentialAction":[{"@type":"CommentAction","name":"Comment","target":["https:\/\/www.natae-agroecology.eu\/natae-at-zarzis-agroecology-festival-2026\/#respond"]}]},{"@type":"WebPage","@id":"https:\/\/www.natae-agroecology.eu\/natae-at-zarzis-agroecology-festival-2026\/","url":"https:\/\/www.natae-agroecology.eu\/natae-at-zarzis-agroecology-festival-2026\/","name":"NATAE au festival d'agro\u00e9cologie de Zarzis 2026 - Natae","isPartOf":{"@id":"https:\/\/www.natae-agroecology.eu\/#website"},"primaryImageOfPage":{"@id":"https:\/\/www.natae-agroecology.eu\/natae-at-zarzis-agroecology-festival-2026\/#primaryimage"},"image":{"@id":"https:\/\/www.natae-agroecology.eu\/natae-at-zarzis-agroecology-festival-2026\/#primaryimage"},"thumbnailUrl":"https:\/\/www.natae-agroecology.eu\/wp-content\/uploads\/2026\/04\/Festival_of-agroecology_7-scaled.webp","datePublished":"2026-04-29T15:08:52+00:00","dateModified":"2026-04-29T15:12:38+00:00","breadcrumb":{"@id":"https:\/\/www.natae-agroecology.eu\/natae-at-zarzis-agroecology-festival-2026\/#breadcrumb"},"inLanguage":"fr-FR","potentialAction":[{"@type":"ReadAction","target":["https:\/\/www.natae-agroecology.eu\/natae-at-zarzis-agroecology-festival-2026\/"]}]},{"@type":"ImageObject","inLanguage":"fr-FR","@id":"https:\/\/www.natae-agroecology.eu\/natae-at-zarzis-agroecology-festival-2026\/#primaryimage","url":"https:\/\/www.natae-agroecology.eu\/wp-content\/uploads\/2026\/04\/Festival_of-agroecology_7-scaled.webp","contentUrl":"https:\/\/www.natae-agroecology.eu\/wp-content\/uploads\/2026\/04\/Festival_of-agroecology_7-scaled.webp","width":2560,"height":1707},{"@type":"BreadcrumbList","@id":"https:\/\/www.natae-agroecology.eu\/natae-at-zarzis-agroecology-festival-2026\/#breadcrumb","itemListElement":[{"@type":"ListItem","position":1,"name":"Home","item":"https:\/\/www.natae-agroecology.eu\/"},{"@type":"ListItem","position":2,"name":"NATAE at Zarzis Agroecology Festival 2026"}]},{"@type":"WebSite","@id":"https:\/\/www.natae-agroecology.eu\/#website","url":"https:\/\/www.natae-agroecology.eu\/","name":"NATAE","description":"Transition de l'Afrique du Nord vers l'agro\u00e9cologie","publisher":{"@id":"https:\/\/www.natae-agroecology.eu\/#organization"},"potentialAction":[{"@type":"SearchAction","target":{"@type":"EntryPoint","urlTemplate":"https:\/\/www.natae-agroecology.eu\/?s={search_term_string}"},"query-input":{"@type":"PropertyValueSpecification","valueRequired":true,"valueName":"search_term_string"}}],"inLanguage":"fr-FR"},{"@type":"Organization","@id":"https:\/\/www.natae-agroecology.eu\/#organization","name":"NATAE","url":"https:\/\/www.natae-agroecology.eu\/","logo":{"@type":"ImageObject","inLanguage":"fr-FR","@id":"https:\/\/www.natae-agroecology.eu\/#\/schema\/logo\/image\/","url":"https:\/\/www.natae-agroecology.eu\/wp-content\/uploads\/2023\/10\/logo-simple.png","contentUrl":"https:\/\/www.natae-agroecology.eu\/wp-content\/uploads\/2023\/10\/logo-simple.png","width":1000,"height":544,"caption":"NATAE"},"image":{"@id":"https:\/\/www.natae-agroecology.eu\/#\/schema\/logo\/image\/"},"sameAs":["https:\/\/www.facebook.com\/people\/NATAE-Agroecology\/100091167530196\/","https:\/\/x.com\/natae_HE","https:\/\/www.linkedin.com\/company\/nataeagroecology\/"]},{"@type":"Person","@id":"https:\/\/www.natae-agroecology.eu\/#\/schema\/person\/5f06c196f9f322e65a18521f8a456764","name":"natae_admin","image":{"@type":"ImageObject","inLanguage":"fr-FR","@id":"https:\/\/www.natae-agroecology.eu\/#\/schema\/person\/image\/","url":"https:\/\/secure.gravatar.com\/avatar\/cbcfbb7ddb421271406bf5347525e82db73805351e7bebb667a24cac78469d6f?s=96&d=mm&r=g","contentUrl":"https:\/\/secure.gravatar.com\/avatar\/cbcfbb7ddb421271406bf5347525e82db73805351e7bebb667a24cac78469d6f?s=96&d=mm&r=g","caption":"natae_admin"},"sameAs":["https:\/\/www.natae-agroecology.eu"],"url":"https:\/\/www.natae-agroecology.eu\/fr\/author\/natae_admin\/"}]}},"_links":{"self":[{"href":"https:\/\/www.natae-agroecology.eu\/fr\/wp-json\/wp\/v2\/posts\/7460","targetHints":{"allow":["GET"]}}],"collection":[{"href":"https:\/\/www.natae-agroecology.eu\/fr\/wp-json\/wp\/v2\/posts"}],"about":[{"href":"https:\/\/www.natae-agroecology.eu\/fr\/wp-json\/wp\/v2\/types\/post"}],"author":[{"embeddable":true,"href":"https:\/\/www.natae-agroecology.eu\/fr\/wp-json\/wp\/v2\/users\/1"}],"replies":[{"embeddable":true,"href":"https:\/\/www.natae-agroecology.eu\/fr\/wp-json\/wp\/v2\/comments?post=7460"}],"version-history":[{"count":11,"href":"https:\/\/www.natae-agroecology.eu\/fr\/wp-json\/wp\/v2\/posts\/7460\/revisions"}],"predecessor-version":[{"id":7484,"href":"https:\/\/www.natae-agroecology.eu\/fr\/wp-json\/wp\/v2\/posts\/7460\/revisions\/7484"}],"wp:featuredmedia":[{"embeddable":true,"href":"https:\/\/www.natae-agroecology.eu\/fr\/wp-json\/wp\/v2\/media\/7468"}],"wp:attachment":[{"href":"https:\/\/www.natae-agroecology.eu\/fr\/wp-json\/wp\/v2\/media?parent=7460"}],"wp:term":[{"taxonomy":"category","embeddable":true,"href":"https:\/\/www.natae-agroecology.eu\/fr\/wp-json\/wp\/v2\/categories?post=7460"},{"taxonomy":"post_tag","embeddable":true,"href":"https:\/\/www.natae-agroecology.eu\/fr\/wp-json\/wp\/v2\/tags?post=7460"}],"curies":[{"name":"wp","href":"https:\/\/api.w.org\/{rel}","templated":true}]}}