{"id":7724,"date":"2026-08-14T15:14:17","date_gmt":"2026-08-14T15:14:17","guid":{"rendered":"https:\/\/www.natae-agroecology.eu\/?p=7724"},"modified":"2026-08-14T15:15:28","modified_gmt":"2026-08-14T15:15:28","slug":"natae-et-dionysus-co-organiseront-une-conference-politique-sur-la-transition-agroecologique-en-mediterranee","status":"publish","type":"post","link":"https:\/\/www.natae-agroecology.eu\/fr\/natae-and-dionysus-to-co-host-policy-conference-on-agroecological-transition-in-the-mediterranean\/","title":{"rendered":"La NATAE et DIONYSUS co-organiseront une conf\u00e9rence politique sur la transition agro\u00e9cologique en M\u00e9diterran\u00e9e"},"content":{"rendered":"<div data-elementor-type=\"wp-post\" data-elementor-id=\"7724\" class=\"elementor elementor-7724\">\n\t\t\t\t<div class=\"elementor-element elementor-element-3b3a0ab7 e-flex e-con-boxed e-con e-parent\" data-id=\"3b3a0ab7\" data-element_type=\"container\" data-e-type=\"container\" data-settings=\"{&quot;jet_parallax_layout_list&quot;:[]}\">\n\t\t\t\t\t<div class=\"e-con-inner\">\n\t\t\t\t<div class=\"elementor-element elementor-element-8516d7 elementor-widget elementor-widget-text-editor\" data-id=\"8516d7\" data-element_type=\"widget\" data-e-type=\"widget\" data-widget_type=\"text-editor.default\">\n\t\t\t\t<div class=\"elementor-widget-container\">\n\t\t\t\t\t\t\t\t\t<p><strong>Lieu : CIHEAM Montpellier<\/strong><br \/><strong>Dates : 29 et 30 septembre 2026<\/strong><\/p><p>Le projet NATAE, en collaboration avec le projet DIONYSUS, organisera une conf\u00e9rence sur les politiques publiques intitul\u00e9e \u201c Quels m\u00e9canismes scientifiques et politiques pour l\u2019avenir de la transition agro\u00e9cologique dans la r\u00e9gion m\u00e9diterran\u00e9enne ? Transdisciplinarit\u00e9, \u00e9valuations et mise \u00e0 l\u2019\u00e9chelle \u201d, les 29 et 30 septembre 2026 au CIHEAM de Montpellier.<\/p><p>Pendant deux jours, la conf\u00e9rence r\u00e9unira des chercheurs, des d\u00e9cideurs politiques et des professionnels de toute la r\u00e9gion m\u00e9diterran\u00e9enne et au-del\u00e0, notamment de Tunisie, d\u2019Alg\u00e9rie, du Maroc, d\u2019\u00c9gypte, la Mauritanie, la France et l\u2019Allemagne, afin de d\u00e9battre des approches multipartites en mati\u00e8re d\u2019agro\u00e9cologie, de l\u2019efficacit\u00e9 et de la mise \u00e0 l\u2019\u00e9chelle des m\u00e9thodologies des \u00ab Living Labs \u00bb, ainsi que des m\u00e9canismes de financement et des dispositifs institutionnels n\u00e9cessaires pour soutenir la transition agro\u00e9cologique \u00e0 grande \u00e9chelle.<br \/>Le programme comprend sept sessions th\u00e9matiques abordant des sujets tels que la s\u00e9curit\u00e9 alimentaire, les \u00e9conomies territoriales et la transition de la recherche-action vers les politiques publiques, avec la participation d\u2019institutions telles que le CIHEAM-IAMM, la DG-AGRI, l\u2019OSS, l\u2019AFD, la BAD, ainsi que de nombreux minist\u00e8res et universit\u00e9s nationaux de toute la r\u00e9gion.<\/p>\t\t\t\t\t\t\t\t<\/div>\n\t\t\t\t<\/div>\n\t\t\t\t<div class=\"elementor-element elementor-element-eb98e7a elementor-widget-divider--view-line elementor-widget elementor-widget-divider\" data-id=\"eb98e7a\" data-element_type=\"widget\" data-e-type=\"widget\" data-widget_type=\"divider.default\">\n\t\t\t\t<div class=\"elementor-widget-container\">\n\t\t\t\t\t\t\t<div class=\"elementor-divider\">\n\t\t\t<span class=\"elementor-divider-separator\">\n\t\t\t\t\t\t<\/span>\n\t\t<\/div>\n\t\t\t\t\t\t<\/div>\n\t\t\t\t<\/div>\n\t\t\t\t\t<\/div>\n\t\t\t\t<\/div>\n\t\t\t\t<\/div>","protected":false},"excerpt":{"rendered":"<p>Location: CIHEAM MontpellierDate: September 29\u201330, 2026 The NATAE Project, in association with the DIONYSUS Project, will host a Policy Conference titled &#8220;What scientific and political mechanisms for the future of [&hellip;]<\/p>\n","protected":false},"author":1,"featured_media":7727,"comment_status":"open","ping_status":"open","sticky":false,"template":"","format":"standard","meta":{"_acf_changed":false,"inline_featured_image":false,"footnotes":""},"categories":[28],"tags":[],"class_list":["post-7724","post","type-post","status-publish","format-standard","has-post-thumbnail","hentry","category-news"],"acf":[],"yoast_head":"<!-- This site is optimized with the Yoast SEO plugin v27.7 - https:\/\/yoast.com\/product\/yoast-seo-wordpress\/ -->\n<title>NATAE and DIONYSUS to Co-Host Policy Conference on Agroecological Transition in the Mediterranean - Natae<\/title>\n<meta name=\"robots\" content=\"index, follow, max-snippet:-1, max-image-preview:large, max-video-preview:-1\" \/>\n<link rel=\"canonical\" href=\"https:\/\/www.natae-agroecology.eu\/fr\/natae-et-dionysus-co-organiseront-une-conference-politique-sur-la-transition-agroecologique-en-mediterranee\/\" \/>\n<meta property=\"og:locale\" content=\"fr_FR\" \/>\n<meta property=\"og:type\" content=\"article\" \/>\n<meta property=\"og:title\" content=\"NATAE and DIONYSUS to Co-Host Policy Conference on Agroecological Transition in the Mediterranean - Natae\" \/>\n<meta property=\"og:description\" content=\"Location: CIHEAM MontpellierDate: September 29\u201330, 2026 The NATAE Project, in association with the DIONYSUS Project, will host a Policy Conference titled &#8220;What scientific and political mechanisms for the future of [&hellip;]\" \/>\n<meta property=\"og:url\" content=\"https:\/\/www.natae-agroecology.eu\/fr\/natae-et-dionysus-co-organiseront-une-conference-politique-sur-la-transition-agroecologique-en-mediterranee\/\" \/>\n<meta property=\"og:site_name\" content=\"Natae\" \/>\n<meta property=\"article:publisher\" content=\"https:\/\/www.facebook.com\/people\/NATAE-Agroecology\/100091167530196\/\" \/>\n<meta property=\"article:published_time\" content=\"2026-08-14T15:14:17+00:00\" \/>\n<meta property=\"article:modified_time\" content=\"2026-08-14T15:15:28+00:00\" \/>\n<meta property=\"og:image\" content=\"https:\/\/www.natae-agroecology.eu\/wp-content\/uploads\/2026\/08\/Screenshot-2026-08-14-161350.png\" \/>\n\t<meta property=\"og:image:width\" content=\"499\" \/>\n\t<meta property=\"og:image:height\" content=\"430\" \/>\n\t<meta property=\"og:image:type\" content=\"image\/png\" \/>\n<meta name=\"author\" content=\"natae_admin\" \/>\n<meta name=\"twitter:card\" content=\"summary_large_image\" \/>\n<meta name=\"twitter:creator\" content=\"@natae_HE\" \/>\n<meta name=\"twitter:site\" content=\"@natae_HE\" \/>\n<meta name=\"twitter:label1\" content=\"\u00c9crit par\" \/>\n\t<meta name=\"twitter:data1\" content=\"natae_admin\" \/>\n\t<meta name=\"twitter:label2\" content=\"Dur\u00e9e de lecture estim\u00e9e\" \/>\n\t<meta name=\"twitter:data2\" content=\"1 minute\" \/>\n<script type=\"application\/ld+json\" class=\"yoast-schema-graph\">{\"@context\":\"https:\\\/\\\/schema.org\",\"@graph\":[{\"@type\":\"Article\",\"@id\":\"https:\\\/\\\/www.natae-agroecology.eu\\\/natae-and-dionysus-to-co-host-policy-conference-on-agroecological-transition-in-the-mediterranean\\\/#article\",\"isPartOf\":{\"@id\":\"https:\\\/\\\/www.natae-agroecology.eu\\\/natae-and-dionysus-to-co-host-policy-conference-on-agroecological-transition-in-the-mediterranean\\\/\"},\"author\":{\"name\":\"natae_admin\",\"@id\":\"https:\\\/\\\/www.natae-agroecology.eu\\\/#\\\/schema\\\/person\\\/5f06c196f9f322e65a18521f8a456764\"},\"headline\":\"NATAE and DIONYSUS to Co-Host Policy Conference on Agroecological Transition in the Mediterranean\",\"datePublished\":\"2026-08-14T15:14:17+00:00\",\"dateModified\":\"2026-08-14T15:15:28+00:00\",\"mainEntityOfPage\":{\"@id\":\"https:\\\/\\\/www.natae-agroecology.eu\\\/natae-and-dionysus-to-co-host-policy-conference-on-agroecological-transition-in-the-mediterranean\\\/\"},\"wordCount\":154,\"commentCount\":0,\"publisher\":{\"@id\":\"https:\\\/\\\/www.natae-agroecology.eu\\\/#organization\"},\"image\":{\"@id\":\"https:\\\/\\\/www.natae-agroecology.eu\\\/natae-and-dionysus-to-co-host-policy-conference-on-agroecological-transition-in-the-mediterranean\\\/#primaryimage\"},\"thumbnailUrl\":\"https:\\\/\\\/www.natae-agroecology.eu\\\/wp-content\\\/uploads\\\/2026\\\/08\\\/Screenshot-2026-08-14-161350.png\",\"articleSection\":[\"News\"],\"inLanguage\":\"fr-FR\",\"potentialAction\":[{\"@type\":\"CommentAction\",\"name\":\"Comment\",\"target\":[\"https:\\\/\\\/www.natae-agroecology.eu\\\/natae-and-dionysus-to-co-host-policy-conference-on-agroecological-transition-in-the-mediterranean\\\/#respond\"]}]},{\"@type\":\"WebPage\",\"@id\":\"https:\\\/\\\/www.natae-agroecology.eu\\\/natae-and-dionysus-to-co-host-policy-conference-on-agroecological-transition-in-the-mediterranean\\\/\",\"url\":\"https:\\\/\\\/www.natae-agroecology.eu\\\/natae-and-dionysus-to-co-host-policy-conference-on-agroecological-transition-in-the-mediterranean\\\/\",\"name\":\"NATAE and DIONYSUS to Co-Host Policy Conference on Agroecological Transition in the Mediterranean - Natae\",\"isPartOf\":{\"@id\":\"https:\\\/\\\/www.natae-agroecology.eu\\\/#website\"},\"primaryImageOfPage\":{\"@id\":\"https:\\\/\\\/www.natae-agroecology.eu\\\/natae-and-dionysus-to-co-host-policy-conference-on-agroecological-transition-in-the-mediterranean\\\/#primaryimage\"},\"image\":{\"@id\":\"https:\\\/\\\/www.natae-agroecology.eu\\\/natae-and-dionysus-to-co-host-policy-conference-on-agroecological-transition-in-the-mediterranean\\\/#primaryimage\"},\"thumbnailUrl\":\"https:\\\/\\\/www.natae-agroecology.eu\\\/wp-content\\\/uploads\\\/2026\\\/08\\\/Screenshot-2026-08-14-161350.png\",\"datePublished\":\"2026-08-14T15:14:17+00:00\",\"dateModified\":\"2026-08-14T15:15:28+00:00\",\"breadcrumb\":{\"@id\":\"https:\\\/\\\/www.natae-agroecology.eu\\\/natae-and-dionysus-to-co-host-policy-conference-on-agroecological-transition-in-the-mediterranean\\\/#breadcrumb\"},\"inLanguage\":\"fr-FR\",\"potentialAction\":[{\"@type\":\"ReadAction\",\"target\":[\"https:\\\/\\\/www.natae-agroecology.eu\\\/natae-and-dionysus-to-co-host-policy-conference-on-agroecological-transition-in-the-mediterranean\\\/\"]}]},{\"@type\":\"ImageObject\",\"inLanguage\":\"fr-FR\",\"@id\":\"https:\\\/\\\/www.natae-agroecology.eu\\\/natae-and-dionysus-to-co-host-policy-conference-on-agroecological-transition-in-the-mediterranean\\\/#primaryimage\",\"url\":\"https:\\\/\\\/www.natae-agroecology.eu\\\/wp-content\\\/uploads\\\/2026\\\/08\\\/Screenshot-2026-08-14-161350.png\",\"contentUrl\":\"https:\\\/\\\/www.natae-agroecology.eu\\\/wp-content\\\/uploads\\\/2026\\\/08\\\/Screenshot-2026-08-14-161350.png\",\"width\":499,\"height\":430},{\"@type\":\"BreadcrumbList\",\"@id\":\"https:\\\/\\\/www.natae-agroecology.eu\\\/natae-and-dionysus-to-co-host-policy-conference-on-agroecological-transition-in-the-mediterranean\\\/#breadcrumb\",\"itemListElement\":[{\"@type\":\"ListItem\",\"position\":1,\"name\":\"Home\",\"item\":\"https:\\\/\\\/www.natae-agroecology.eu\\\/\"},{\"@type\":\"ListItem\",\"position\":2,\"name\":\"NATAE and DIONYSUS to Co-Host Policy Conference on Agroecological Transition in the Mediterranean\"}]},{\"@type\":\"WebSite\",\"@id\":\"https:\\\/\\\/www.natae-agroecology.eu\\\/#website\",\"url\":\"https:\\\/\\\/www.natae-agroecology.eu\\\/\",\"name\":\"NATAE\",\"description\":\"North African Transition to AgroEcology\",\"publisher\":{\"@id\":\"https:\\\/\\\/www.natae-agroecology.eu\\\/#organization\"},\"potentialAction\":[{\"@type\":\"SearchAction\",\"target\":{\"@type\":\"EntryPoint\",\"urlTemplate\":\"https:\\\/\\\/www.natae-agroecology.eu\\\/?s={search_term_string}\"},\"query-input\":{\"@type\":\"PropertyValueSpecification\",\"valueRequired\":true,\"valueName\":\"search_term_string\"}}],\"inLanguage\":\"fr-FR\"},{\"@type\":\"Organization\",\"@id\":\"https:\\\/\\\/www.natae-agroecology.eu\\\/#organization\",\"name\":\"NATAE\",\"url\":\"https:\\\/\\\/www.natae-agroecology.eu\\\/\",\"logo\":{\"@type\":\"ImageObject\",\"inLanguage\":\"fr-FR\",\"@id\":\"https:\\\/\\\/www.natae-agroecology.eu\\\/#\\\/schema\\\/logo\\\/image\\\/\",\"url\":\"https:\\\/\\\/www.natae-agroecology.eu\\\/wp-content\\\/uploads\\\/2023\\\/10\\\/logo-simple.png\",\"contentUrl\":\"https:\\\/\\\/www.natae-agroecology.eu\\\/wp-content\\\/uploads\\\/2023\\\/10\\\/logo-simple.png\",\"width\":1000,\"height\":544,\"caption\":\"NATAE\"},\"image\":{\"@id\":\"https:\\\/\\\/www.natae-agroecology.eu\\\/#\\\/schema\\\/logo\\\/image\\\/\"},\"sameAs\":[\"https:\\\/\\\/www.facebook.com\\\/people\\\/NATAE-Agroecology\\\/100091167530196\\\/\",\"https:\\\/\\\/x.com\\\/natae_HE\",\"https:\\\/\\\/www.linkedin.com\\\/company\\\/nataeagroecology\\\/\"]},{\"@type\":\"Person\",\"@id\":\"https:\\\/\\\/www.natae-agroecology.eu\\\/#\\\/schema\\\/person\\\/5f06c196f9f322e65a18521f8a456764\",\"name\":\"natae_admin\",\"image\":{\"@type\":\"ImageObject\",\"inLanguage\":\"fr-FR\",\"@id\":\"https:\\\/\\\/secure.gravatar.com\\\/avatar\\\/cbcfbb7ddb421271406bf5347525e82db73805351e7bebb667a24cac78469d6f?s=96&d=mm&r=g\",\"url\":\"https:\\\/\\\/secure.gravatar.com\\\/avatar\\\/cbcfbb7ddb421271406bf5347525e82db73805351e7bebb667a24cac78469d6f?s=96&d=mm&r=g\",\"contentUrl\":\"https:\\\/\\\/secure.gravatar.com\\\/avatar\\\/cbcfbb7ddb421271406bf5347525e82db73805351e7bebb667a24cac78469d6f?s=96&d=mm&r=g\",\"caption\":\"natae_admin\"},\"sameAs\":[\"https:\\\/\\\/www.natae-agroecology.eu\"],\"url\":\"https:\\\/\\\/www.natae-agroecology.eu\\\/fr\\\/author\\\/natae_admin\\\/\"}]}<\/script>\n<!-- \/ Yoast SEO plugin. -->","yoast_head_json":{"title":"La NATAE et DIONYSUS co-organisent une conf\u00e9rence politique sur la transition agro\u00e9cologique en M\u00e9diterran\u00e9e - Natae","robots":{"index":"index","follow":"follow","max-snippet":"max-snippet:-1","max-image-preview":"max-image-preview:large","max-video-preview":"max-video-preview:-1"},"canonical":"https:\/\/www.natae-agroecology.eu\/fr\/natae-et-dionysus-co-organiseront-une-conference-politique-sur-la-transition-agroecologique-en-mediterranee\/","og_locale":"fr_FR","og_type":"article","og_title":"NATAE and DIONYSUS to Co-Host Policy Conference on Agroecological Transition in the Mediterranean - Natae","og_description":"Location: CIHEAM MontpellierDate: September 29\u201330, 2026 The NATAE Project, in association with the DIONYSUS Project, will host a Policy Conference titled &#8220;What scientific and political mechanisms for the future of [&hellip;]","og_url":"https:\/\/www.natae-agroecology.eu\/fr\/natae-et-dionysus-co-organiseront-une-conference-politique-sur-la-transition-agroecologique-en-mediterranee\/","og_site_name":"Natae","article_publisher":"https:\/\/www.facebook.com\/people\/NATAE-Agroecology\/100091167530196\/","article_published_time":"2026-08-14T15:14:17+00:00","article_modified_time":"2026-08-14T15:15:28+00:00","og_image":[{"width":499,"height":430,"url":"https:\/\/www.natae-agroecology.eu\/wp-content\/uploads\/2026\/08\/Screenshot-2026-08-14-161350.png","type":"image\/png"}],"author":"natae_admin","twitter_card":"summary_large_image","twitter_creator":"@natae_HE","twitter_site":"@natae_HE","twitter_misc":{"\u00c9crit par":"natae_admin","Dur\u00e9e de lecture estim\u00e9e":"1 minute"},"schema":{"@context":"https:\/\/schema.org","@graph":[{"@type":"Article","@id":"https:\/\/www.natae-agroecology.eu\/natae-and-dionysus-to-co-host-policy-conference-on-agroecological-transition-in-the-mediterranean\/#article","isPartOf":{"@id":"https:\/\/www.natae-agroecology.eu\/natae-and-dionysus-to-co-host-policy-conference-on-agroecological-transition-in-the-mediterranean\/"},"author":{"name":"natae_admin","@id":"https:\/\/www.natae-agroecology.eu\/#\/schema\/person\/5f06c196f9f322e65a18521f8a456764"},"headline":"NATAE and DIONYSUS to Co-Host Policy Conference on Agroecological Transition in the Mediterranean","datePublished":"2026-08-14T15:14:17+00:00","dateModified":"2026-08-14T15:15:28+00:00","mainEntityOfPage":{"@id":"https:\/\/www.natae-agroecology.eu\/natae-and-dionysus-to-co-host-policy-conference-on-agroecological-transition-in-the-mediterranean\/"},"wordCount":154,"commentCount":0,"publisher":{"@id":"https:\/\/www.natae-agroecology.eu\/#organization"},"image":{"@id":"https:\/\/www.natae-agroecology.eu\/natae-and-dionysus-to-co-host-policy-conference-on-agroecological-transition-in-the-mediterranean\/#primaryimage"},"thumbnailUrl":"https:\/\/www.natae-agroecology.eu\/wp-content\/uploads\/2026\/08\/Screenshot-2026-08-14-161350.png","articleSection":["News"],"inLanguage":"fr-FR","potentialAction":[{"@type":"CommentAction","name":"Comment","target":["https:\/\/www.natae-agroecology.eu\/natae-and-dionysus-to-co-host-policy-conference-on-agroecological-transition-in-the-mediterranean\/#respond"]}]},{"@type":"WebPage","@id":"https:\/\/www.natae-agroecology.eu\/natae-and-dionysus-to-co-host-policy-conference-on-agroecological-transition-in-the-mediterranean\/","url":"https:\/\/www.natae-agroecology.eu\/natae-and-dionysus-to-co-host-policy-conference-on-agroecological-transition-in-the-mediterranean\/","name":"La NATAE et DIONYSUS co-organisent une conf\u00e9rence politique sur la transition agro\u00e9cologique en M\u00e9diterran\u00e9e - Natae","isPartOf":{"@id":"https:\/\/www.natae-agroecology.eu\/#website"},"primaryImageOfPage":{"@id":"https:\/\/www.natae-agroecology.eu\/natae-and-dionysus-to-co-host-policy-conference-on-agroecological-transition-in-the-mediterranean\/#primaryimage"},"image":{"@id":"https:\/\/www.natae-agroecology.eu\/natae-and-dionysus-to-co-host-policy-conference-on-agroecological-transition-in-the-mediterranean\/#primaryimage"},"thumbnailUrl":"https:\/\/www.natae-agroecology.eu\/wp-content\/uploads\/2026\/08\/Screenshot-2026-08-14-161350.png","datePublished":"2026-08-14T15:14:17+00:00","dateModified":"2026-08-14T15:15:28+00:00","breadcrumb":{"@id":"https:\/\/www.natae-agroecology.eu\/natae-and-dionysus-to-co-host-policy-conference-on-agroecological-transition-in-the-mediterranean\/#breadcrumb"},"inLanguage":"fr-FR","potentialAction":[{"@type":"ReadAction","target":["https:\/\/www.natae-agroecology.eu\/natae-and-dionysus-to-co-host-policy-conference-on-agroecological-transition-in-the-mediterranean\/"]}]},{"@type":"ImageObject","inLanguage":"fr-FR","@id":"https:\/\/www.natae-agroecology.eu\/natae-and-dionysus-to-co-host-policy-conference-on-agroecological-transition-in-the-mediterranean\/#primaryimage","url":"https:\/\/www.natae-agroecology.eu\/wp-content\/uploads\/2026\/08\/Screenshot-2026-08-14-161350.png","contentUrl":"https:\/\/www.natae-agroecology.eu\/wp-content\/uploads\/2026\/08\/Screenshot-2026-08-14-161350.png","width":499,"height":430},{"@type":"BreadcrumbList","@id":"https:\/\/www.natae-agroecology.eu\/natae-and-dionysus-to-co-host-policy-conference-on-agroecological-transition-in-the-mediterranean\/#breadcrumb","itemListElement":[{"@type":"ListItem","position":1,"name":"Home","item":"https:\/\/www.natae-agroecology.eu\/"},{"@type":"ListItem","position":2,"name":"NATAE and DIONYSUS to Co-Host Policy Conference on Agroecological Transition in the Mediterranean"}]},{"@type":"WebSite","@id":"https:\/\/www.natae-agroecology.eu\/#website","url":"https:\/\/www.natae-agroecology.eu\/","name":"NATAE","description":"Transition de l'Afrique du Nord vers l'agro\u00e9cologie","publisher":{"@id":"https:\/\/www.natae-agroecology.eu\/#organization"},"potentialAction":[{"@type":"SearchAction","target":{"@type":"EntryPoint","urlTemplate":"https:\/\/www.natae-agroecology.eu\/?s={search_term_string}"},"query-input":{"@type":"PropertyValueSpecification","valueRequired":true,"valueName":"search_term_string"}}],"inLanguage":"fr-FR"},{"@type":"Organization","@id":"https:\/\/www.natae-agroecology.eu\/#organization","name":"NATAE","url":"https:\/\/www.natae-agroecology.eu\/","logo":{"@type":"ImageObject","inLanguage":"fr-FR","@id":"https:\/\/www.natae-agroecology.eu\/#\/schema\/logo\/image\/","url":"https:\/\/www.natae-agroecology.eu\/wp-content\/uploads\/2023\/10\/logo-simple.png","contentUrl":"https:\/\/www.natae-agroecology.eu\/wp-content\/uploads\/2023\/10\/logo-simple.png","width":1000,"height":544,"caption":"NATAE"},"image":{"@id":"https:\/\/www.natae-agroecology.eu\/#\/schema\/logo\/image\/"},"sameAs":["https:\/\/www.facebook.com\/people\/NATAE-Agroecology\/100091167530196\/","https:\/\/x.com\/natae_HE","https:\/\/www.linkedin.com\/company\/nataeagroecology\/"]},{"@type":"Person","@id":"https:\/\/www.natae-agroecology.eu\/#\/schema\/person\/5f06c196f9f322e65a18521f8a456764","name":"natae_admin","image":{"@type":"ImageObject","inLanguage":"fr-FR","@id":"https:\/\/secure.gravatar.com\/avatar\/cbcfbb7ddb421271406bf5347525e82db73805351e7bebb667a24cac78469d6f?s=96&d=mm&r=g","url":"https:\/\/secure.gravatar.com\/avatar\/cbcfbb7ddb421271406bf5347525e82db73805351e7bebb667a24cac78469d6f?s=96&d=mm&r=g","contentUrl":"https:\/\/secure.gravatar.com\/avatar\/cbcfbb7ddb421271406bf5347525e82db73805351e7bebb667a24cac78469d6f?s=96&d=mm&r=g","caption":"natae_admin"},"sameAs":["https:\/\/www.natae-agroecology.eu"],"url":"https:\/\/www.natae-agroecology.eu\/fr\/author\/natae_admin\/"}]}},"_links":{"self":[{"href":"https:\/\/www.natae-agroecology.eu\/fr\/wp-json\/wp\/v2\/posts\/7724","targetHints":{"allow":["GET"]}}],"collection":[{"href":"https:\/\/www.natae-agroecology.eu\/fr\/wp-json\/wp\/v2\/posts"}],"about":[{"href":"https:\/\/www.natae-agroecology.eu\/fr\/wp-json\/wp\/v2\/types\/post"}],"author":[{"embeddable":true,"href":"https:\/\/www.natae-agroecology.eu\/fr\/wp-json\/wp\/v2\/users\/1"}],"replies":[{"embeddable":true,"href":"https:\/\/www.natae-agroecology.eu\/fr\/wp-json\/wp\/v2\/comments?post=7724"}],"version-history":[{"count":8,"href":"https:\/\/www.natae-agroecology.eu\/fr\/wp-json\/wp\/v2\/posts\/7724\/revisions"}],"predecessor-version":[{"id":7733,"href":"https:\/\/www.natae-agroecology.eu\/fr\/wp-json\/wp\/v2\/posts\/7724\/revisions\/7733"}],"wp:featuredmedia":[{"embeddable":true,"href":"https:\/\/www.natae-agroecology.eu\/fr\/wp-json\/wp\/v2\/media\/7727"}],"wp:attachment":[{"href":"https:\/\/www.natae-agroecology.eu\/fr\/wp-json\/wp\/v2\/media?parent=7724"}],"wp:term":[{"taxonomy":"category","embeddable":true,"href":"https:\/\/www.natae-agroecology.eu\/fr\/wp-json\/wp\/v2\/categories?post=7724"},{"taxonomy":"post_tag","embeddable":true,"href":"https:\/\/www.natae-agroecology.eu\/fr\/wp-json\/wp\/v2\/tags?post=7724"}],"curies":[{"name":"wp","href":"https:\/\/api.w.org\/{rel}","templated":true}]}}